{"id":75253,"date":"2025-12-19T15:34:49","date_gmt":"2025-12-19T12:34:49","guid":{"rendered":"https:\/\/www.egemtv.com\/?p=75253"},"modified":"2025-12-19T15:34:50","modified_gmt":"2025-12-19T12:34:50","slug":"mtk-kolejinden-cazda-zirve-timucin-sahin-quartet-feat-greg-osby-konseri-izleyenleri-buyuledi","status":"publish","type":"post","link":"https:\/\/www.egemtv.com\/?p=75253","title":{"rendered":"MTK Koleji\u2019nden Cazda Zirve: Timu\u00e7in \u015eahin Quartet feat. Greg Osby konseri izleyenleri b\u00fcy\u00fcledi"},"content":{"rendered":"<p>MTK Koleji organizasyonuyla, 18 Aral\u0131k Per\u015fembe ak\u015fam\u0131 MSK\u00dc A Salonu\u2019nda ger\u00e7ekle\u015ftirilen \u2018Timu\u00e7in \u015eahin Quartet feat. Greg Osby Konseri\u2019, Kolejin Kurucu \u015eirketi olan Muyabir A.\u015e. Y\u00f6netim Kurulu Ba\u015fkan\u0131 Ali \u00d6zden G\u00fcrb\u00fcz\u2019\u00fcn yapt\u0131\u011f\u0131 a\u00e7\u0131l\u0131\u015f konu\u015fmas\u0131yla ba\u015flad\u0131.<br \/>\n<br \/>G\u00fcrb\u00fcz konu\u015fmas\u0131nda okulun global vizyonunu, akademik ba\u015far\u0131lar\u0131n\u0131n yan\u0131 s\u0131ra spora ve sanata verdikleri \u00f6nemi vurgulad\u0131. Etkinlik, sanatseverlere unutulmaz bir gece ya\u015fatt\u0131. Uluslararas\u0131 caz sahnesinin d\u00f6rt usta ismini bir araya getiren konser, yo\u011fun ilgiyle kar\u015f\u0131land\u0131; salon tamamen doldu, izleyiciler performans boyunca b\u00fcy\u00fclenmi\u015f\u00e7esine sahneye kilitlendi.<br \/>\n<br \/>Virt\u00fc\u00f6zite ve do\u011fa\u00e7laman\u0131n bulu\u015fmas\u0131<br \/>\n<br \/>Sahneye \u00e7\u0131kan Timu\u00e7in \u015eahin (gitar), Greg Osby (alto saksofon), Michal Baranski (kontrbas) ve John Hadfield (davul), teknik ustal\u0131klar\u0131 ve \u00f6zg\u00fcn besteleriyle izleyicilere s\u0131n\u0131rlar\u0131 zorlayan bir m\u00fczik deneyimi sundular. Yakla\u015f\u0131k 20 y\u0131l sonra yeniden bir araya gelen \u015eahin ve Osby, sahnede adeta zaman\u0131n \u00f6tesine ge\u00e7ti.<br \/>\n<br \/>Salonun nabz\u0131 y\u00fckseldi<br \/>\n<br \/>Etkinlik \u00f6ncesinde b\u00fcy\u00fck bir heyecanla beklenen konser, MTK Koleji\u2019nin k\u00fclt\u00fcr-sanat vizyonunu bir kez daha ortaya koydu. \u00d6\u011frenciler, veliler, \u00f6\u011fretmenler ve b\u00f6lge halk\u0131ndan olu\u015fan geni\u015f kat\u0131l\u0131m, salonu tamamen doldurdu. Dinleyiciler, performans boyunca hem m\u00fczi\u011fin hem atmosferin etkisiyle duygusal anlar ya\u015fad\u0131; bir\u00e7ok ki\u015fi konseri kay\u0131t alt\u0131na alarak bu \u00f6zel geceyi \u00f6l\u00fcms\u00fczle\u015ftirdi.<br \/>\n<br \/>Kolejden sanata destek mesaj\u0131<br \/>\n<br \/>MTK Koleji yetkilileri, konser sonras\u0131 yapt\u0131klar\u0131 a\u00e7\u0131klamada, &#8220;Sanat\u0131n evrensel dilini \u00f6\u011frencilerimizle bulu\u015fturmak bizim i\u00e7in bir sorumluluk. Bu t\u00fcr etkinliklerle hem k\u00fclt\u00fcrel geli\u015fimi destekliyor hem de d\u00fcnya sahnesinden isimleri yerel izleyiciyle bulu\u015fturuyoruz&#8221; ifadelerine yer verdi.<br \/>\n<br \/>Sanat\u0131n \u0131\u015f\u0131\u011f\u0131nda bir gece<br \/>\n<br \/>Konser, sadece bir m\u00fczik etkinli\u011fi de\u011fil; ayn\u0131 zamanda k\u00fclt\u00fcrel bir bulu\u015fma, estetik bir deneyim ve toplumsal bir payla\u015f\u0131m alan\u0131 oldu. MTK Koleji\u2019nin bu vizyoner yakla\u015f\u0131m\u0131, sanat\u0131n e\u011fitime ve topluma olan katk\u0131s\u0131n\u0131 bir kez daha g\u00f6zler \u00f6n\u00fcne serdi.<br \/><\/p>\n","protected":false},"excerpt":{"rendered":"<p>MTK Koleji organizasyonuyla, 18 Aral\u0131k Per\u015fembe ak\u015fam\u0131 MSK\u00dc A Salonu\u2019nda ger\u00e7ekle\u015ftirilen \u2018Timu\u00e7in \u015eahin Quartet feat. Greg Osby Konseri\u2019, Kolejin Kurucu \u015eirketi olan Muyabir A.\u015e. Y\u00f6netim Kurulu Ba\u015fkan\u0131 Ali \u00d6zden G\u00fcrb\u00fcz\u2019\u00fcn yapt\u0131\u011f\u0131 a\u00e7\u0131l\u0131\u015f konu\u015fmas\u0131yla ba\u015flad\u0131. G\u00fcrb\u00fcz konu\u015fmas\u0131nda okulun global vizyonunu, akademik ba\u015far\u0131lar\u0131n\u0131n yan\u0131 s\u0131ra spora ve sanata verdikleri \u00f6nemi vurgulad\u0131. Etkinlik, sanatseverlere unutulmaz bir gece ya\u015fatt\u0131&#8230;.<\/p>\n","protected":false},"author":1,"featured_media":75254,"comment_status":"open","ping_status":"open","sticky":false,"template":"","format":"standard","meta":{"_crdt_document":"","footnotes":""},"categories":[1],"tags":[],"class_list":["post-75253","post","type-post","status-publish","format-standard","has-post-thumbnail","hentry","category-guncel"],"_links":{"self":[{"href":"https:\/\/www.egemtv.com\/index.php?rest_route=\/wp\/v2\/posts\/75253","targetHints":{"allow":["GET"]}}],"collection":[{"href":"https:\/\/www.egemtv.com\/index.php?rest_route=\/wp\/v2\/posts"}],"about":[{"href":"https:\/\/www.egemtv.com\/index.php?rest_route=\/wp\/v2\/types\/post"}],"author":[{"embeddable":true,"href":"https:\/\/www.egemtv.com\/index.php?rest_route=\/wp\/v2\/users\/1"}],"replies":[{"embeddable":true,"href":"https:\/\/www.egemtv.com\/index.php?rest_route=%2Fwp%2Fv2%2Fcomments&post=75253"}],"version-history":[{"count":1,"href":"https:\/\/www.egemtv.com\/index.php?rest_route=\/wp\/v2\/posts\/75253\/revisions"}],"predecessor-version":[{"id":75255,"href":"https:\/\/www.egemtv.com\/index.php?rest_route=\/wp\/v2\/posts\/75253\/revisions\/75255"}],"wp:featuredmedia":[{"embeddable":true,"href":"https:\/\/www.egemtv.com\/index.php?rest_route=\/wp\/v2\/media\/75254"}],"wp:attachment":[{"href":"https:\/\/www.egemtv.com\/index.php?rest_route=%2Fwp%2Fv2%2Fmedia&parent=75253"}],"wp:term":[{"taxonomy":"category","embeddable":true,"href":"https:\/\/www.egemtv.com\/index.php?rest_route=%2Fwp%2Fv2%2Fcategories&post=75253"},{"taxonomy":"post_tag","embeddable":true,"href":"https:\/\/www.egemtv.com\/index.php?rest_route=%2Fwp%2Fv2%2Ftags&post=75253"}],"curies":[{"name":"wp","href":"https:\/\/api.w.org\/{rel}","templated":true}]}}