{"id":75250,"date":"2025-12-19T15:15:05","date_gmt":"2025-12-19T12:15:05","guid":{"rendered":"https:\/\/www.egemtv.com\/?p=75250"},"modified":"2025-12-19T15:15:06","modified_gmt":"2025-12-19T12:15:06","slug":"babadag-belediyesinin-yapamadigi-hizmetleri-denizli-buyuksehir-ilceye-kazandirdi","status":"publish","type":"post","link":"https:\/\/www.egemtv.com\/?p=75250","title":{"rendered":"Babada\u011f Belediyesinin yapamad\u0131\u011f\u0131 hizmetleri Denizli B\u00fcy\u00fck\u015fehir il\u00e7eye kazand\u0131rd\u0131"},"content":{"rendered":"<p>Denizli B\u00fcy\u00fck\u015fehir Belediye Ba\u015fkan\u0131 B\u00fclent Nuri \u00c7avu\u015fo\u011flu\u2019nun g\u00f6reve ba\u015flamas\u0131n\u0131n ard\u0131ndan Babada\u011f il\u00e7esinde altyap\u0131dan \u00fcstyap\u0131ya, sosyal desteklerden k\u00fclt\u00fcrel faaliyetlere kadar bir\u00e7ok alanda kapsaml\u0131 hizmet ve yat\u0131r\u0131mlar hayata ge\u00e7irildi.<\/p>\n<p>30 Mart 2024\u2019te yap\u0131lan yerel se\u00e7imle i\u015f ba\u015f\u0131na gelen Denizli B\u00fcy\u00fck\u015fehir Belediye Ba\u015fkan\u0131 B\u00fclent Nuri \u00c7avu\u015fo\u011flu, g\u00f6reve geldi\u011fi pek \u00e7ok \u00f6nemli proje ve hizmeti ger\u00e7ekle\u015ftirerek, \u2018Mutlu insanlar\u0131n \u015fehri Denizli\u2019 vizyonu ile Babada\u011f il\u00e7esinde de g\u00f6n\u00fclleri kazand\u0131. \u0130l\u00e7e genelinde i\u00e7me suyu, kanalizasyon ve ya\u011fmur suyu hatlar\u0131nda \u00f6nemli yenileme ve iyile\u015ftirme \u00e7al\u0131\u015fmalar\u0131 yap\u0131l\u0131rken, ar\u0131za yo\u011funlu\u011fu ya\u015fanan b\u00f6lgelerde hatlar modernize edildi, yeni i\u00e7me suyu kaynaklar\u0131 devreye al\u0131nd\u0131 ve i\u00e7me suyu depolar\u0131 tamamland\u0131. Devam eden \u00e7al\u0131\u015fmalarla birlikte su kaynaklar\u0131n\u0131n d\u00fczenlenmesi ve altyap\u0131n\u0131n g\u00fc\u00e7lendirilmesi s\u00fcrd\u00fcr\u00fcl\u00fcyor.<\/p>\n<p>Modern bir kent meydan\u0131 olu\u015fturuldu<br \/>\n<br \/>\u0130l\u00e7e belediyesinin sorumluluk sahas\u0131nda olmas\u0131na ra\u011fmen Babada\u011f Kent Meydan\u0131, yap\u0131lan \u00e7evre d\u00fczenlemeleri, yenilenen zemin kaplamalar\u0131 ve sosyal kullan\u0131m alanlar\u0131yla il\u00e7eye yak\u0131\u015f\u0131r modern bir g\u00f6r\u00fcn\u00fcme kavu\u015fturuldu. Meydan d\u00fczenlemesiyle birlikte vatanda\u015flar\u0131n bir araya gelebilece\u011fi, sosyal ve k\u00fclt\u00fcrel etkinliklere ev sahipli\u011fi yapabilecek nitelikli bir kamusal alan olu\u015fturuldu. \u00dcstyap\u0131 kapsam\u0131nda kilit parke d\u00f6\u015femeleri, yol \u00e7izgi ve i\u015faretleme \u00e7al\u0131\u015fmalar\u0131, durak montajlar\u0131, kent mobilyalar\u0131, park onar\u0131m ve d\u00fczenlemeleri ger\u00e7ekle\u015ftirilerek il\u00e7e merkezinde ve mahallelerde ya\u015fam alanlar\u0131 iyile\u015ftirildi. Trafik g\u00fcvenli\u011fini art\u0131rmaya y\u00f6nelik i\u015faretleme ve bak\u0131m \u00e7al\u0131\u015fmalar\u0131 da il\u00e7enin farkl\u0131 noktalar\u0131nda tamamland\u0131.<\/p>\n<p>\u00dcretimden sosyal hayata Babada\u011f\u2019da kapsay\u0131c\u0131 destekler<br \/>\n<br \/>Babada\u011f\u2019da tar\u0131msal \u00fcretimi desteklemek amac\u0131yla ar\u0131c\u0131l\u0131k, zeytin fidan\u0131, g\u00fcbre, mazot, yem ve toprak analizi destekleri sa\u011fland\u0131. \u00c7ift\u00e7ilere y\u00f6nelik bu desteklerle k\u0131rsal kalk\u0131nman\u0131n g\u00fc\u00e7lendirilmesi hedeflendi. Sosyal belediyecilik anlay\u0131\u015f\u0131yla ihtiya\u00e7 sahibi vatanda\u015flara g\u0131da, giyim, e\u015fya, nakdi yard\u0131m, bayram destekleri, bebek ve asker \u00e7antalar\u0131 gibi bir\u00e7ok alanda destek ula\u015ft\u0131r\u0131ld\u0131. K\u00fclt\u00fcrel ve sosyal ya\u015fam\u0131 canland\u0131rmak amac\u0131yla konserler, &#8220;K\u00f6y\u00fcmde Sinema&#8221; etkinlikleri ve \u00e7e\u015fitli organizasyonlar d\u00fczenlendi.<\/p>\n<p>&#8220;Babada\u011f\u2019\u0131 daha ya\u015fanabilir, daha g\u00fc\u00e7l\u00fc bir il\u00e7e haline getiriyoruz&#8221;<br \/>\n<br \/>Ba\u015fkan B\u00fclent Nuri \u00c7avu\u015fo\u011flu, g\u00f6reve geldikleri g\u00fcnden bu yana Babada\u011f\u2019\u0131n her mahallesine e\u015fit ve planl\u0131 hizmet ula\u015ft\u0131rmak i\u00e7in \u00e7al\u0131\u015ft\u0131klar\u0131n\u0131 belirterek, &#8220;Kent meydan\u0131m\u0131z ba\u015fta olmak \u00fczere hayata ge\u00e7irdi\u011fimiz yat\u0131r\u0131mlarla Babada\u011f\u2019\u0131 daha ya\u015fanabilir, daha g\u00fc\u00e7l\u00fc bir il\u00e7e haline getiriyoruz. Altyap\u0131s\u0131 g\u00fc\u00e7l\u00fc, sosyal ya\u015fam\u0131 canl\u0131, \u00fcreticisi desteklenen bir Babada\u011f i\u00e7in yat\u0131r\u0131mlar\u0131m\u0131z\u0131 kararl\u0131l\u0131kla s\u00fcrd\u00fcr\u00fcyoruz&#8221; ifadelerini kulland\u0131.<br \/><\/p>\n","protected":false},"excerpt":{"rendered":"<p>Denizli B\u00fcy\u00fck\u015fehir Belediye Ba\u015fkan\u0131 B\u00fclent Nuri \u00c7avu\u015fo\u011flu\u2019nun g\u00f6reve ba\u015flamas\u0131n\u0131n ard\u0131ndan Babada\u011f il\u00e7esinde altyap\u0131dan \u00fcstyap\u0131ya, sosyal desteklerden k\u00fclt\u00fcrel faaliyetlere kadar bir\u00e7ok alanda kapsaml\u0131 hizmet ve yat\u0131r\u0131mlar hayata ge\u00e7irildi. 30 Mart 2024\u2019te yap\u0131lan yerel se\u00e7imle i\u015f ba\u015f\u0131na gelen Denizli B\u00fcy\u00fck\u015fehir Belediye Ba\u015fkan\u0131 B\u00fclent Nuri \u00c7avu\u015fo\u011flu, g\u00f6reve geldi\u011fi pek \u00e7ok \u00f6nemli proje ve hizmeti ger\u00e7ekle\u015ftirerek, \u2018Mutlu insanlar\u0131n \u015fehri&#8230;<\/p>\n","protected":false},"author":1,"featured_media":75251,"comment_status":"open","ping_status":"open","sticky":false,"template":"","format":"standard","meta":{"_crdt_document":"","footnotes":""},"categories":[1],"tags":[],"class_list":["post-75250","post","type-post","status-publish","format-standard","has-post-thumbnail","hentry","category-guncel"],"_links":{"self":[{"href":"https:\/\/www.egemtv.com\/index.php?rest_route=\/wp\/v2\/posts\/75250","targetHints":{"allow":["GET"]}}],"collection":[{"href":"https:\/\/www.egemtv.com\/index.php?rest_route=\/wp\/v2\/posts"}],"about":[{"href":"https:\/\/www.egemtv.com\/index.php?rest_route=\/wp\/v2\/types\/post"}],"author":[{"embeddable":true,"href":"https:\/\/www.egemtv.com\/index.php?rest_route=\/wp\/v2\/users\/1"}],"replies":[{"embeddable":true,"href":"https:\/\/www.egemtv.com\/index.php?rest_route=%2Fwp%2Fv2%2Fcomments&post=75250"}],"version-history":[{"count":1,"href":"https:\/\/www.egemtv.com\/index.php?rest_route=\/wp\/v2\/posts\/75250\/revisions"}],"predecessor-version":[{"id":75252,"href":"https:\/\/www.egemtv.com\/index.php?rest_route=\/wp\/v2\/posts\/75250\/revisions\/75252"}],"wp:featuredmedia":[{"embeddable":true,"href":"https:\/\/www.egemtv.com\/index.php?rest_route=\/wp\/v2\/media\/75251"}],"wp:attachment":[{"href":"https:\/\/www.egemtv.com\/index.php?rest_route=%2Fwp%2Fv2%2Fmedia&parent=75250"}],"wp:term":[{"taxonomy":"category","embeddable":true,"href":"https:\/\/www.egemtv.com\/index.php?rest_route=%2Fwp%2Fv2%2Fcategories&post=75250"},{"taxonomy":"post_tag","embeddable":true,"href":"https:\/\/www.egemtv.com\/index.php?rest_route=%2Fwp%2Fv2%2Ftags&post=75250"}],"curies":[{"name":"wp","href":"https:\/\/api.w.org\/{rel}","templated":true}]}}