{"id":75247,"date":"2025-12-19T15:15:04","date_gmt":"2025-12-19T12:15:04","guid":{"rendered":"https:\/\/www.egemtv.com\/?p=75247"},"modified":"2025-12-19T15:15:05","modified_gmt":"2025-12-19T12:15:05","slug":"uyusturucu-operasyonunda-1-supheli-tutuklandi","status":"publish","type":"post","link":"https:\/\/www.egemtv.com\/?p=75247","title":{"rendered":"Uyu\u015fturucu operasyonunda 1 \u015f\u00fcpheli tutukland\u0131"},"content":{"rendered":"<p>Isparta\u2019n\u0131n G\u00f6nen il\u00e7esinde jandarma ekiplerince d\u00fczenlenen operasyonda, bin 200 kullan\u0131ml\u0131k, k\u00e2\u011f\u0131da emdirilmi\u015f sentetik uyu\u015fturucu ele ge\u00e7irilirken, g\u00f6zalt\u0131na al\u0131nan 1 \u015f\u00fcpheli tutukland\u0131.<br \/>\n<br \/>Isparta \u0130l Jandarma Komutanl\u0131\u011f\u0131 ekipleri taraf\u0131ndan uyu\u015fturucu tacirlerine y\u00f6nelik y\u00fcr\u00fct\u00fclen istihbari \u00e7al\u0131\u015fmalar kapsam\u0131nda, d\u00fcn G\u00f6nen il\u00e7esinde operasyon ger\u00e7ekle\u015ftirildi. Operasyonda bin 200 kullan\u0131ml\u0131k k\u00e2\u011f\u0131da emdirilmi\u015f sentetik uyu\u015fturucu madde ele ge\u00e7irildi. Olayla ilgili olarak g\u00f6zalt\u0131na al\u0131nan 1 \u015f\u00fcpheli \u015fah\u0131s, jandarmadaki i\u015flemlerinin ard\u0131ndan sevk edildi\u011fi adli makamlarca tutuklanarak cezaevine teslim edildi.<br \/><\/p>\n","protected":false},"excerpt":{"rendered":"<p>Isparta\u2019n\u0131n G\u00f6nen il\u00e7esinde jandarma ekiplerince d\u00fczenlenen operasyonda, bin 200 kullan\u0131ml\u0131k, k\u00e2\u011f\u0131da emdirilmi\u015f sentetik uyu\u015fturucu ele ge\u00e7irilirken, g\u00f6zalt\u0131na al\u0131nan 1 \u015f\u00fcpheli tutukland\u0131. Isparta \u0130l Jandarma Komutanl\u0131\u011f\u0131 ekipleri taraf\u0131ndan uyu\u015fturucu tacirlerine y\u00f6nelik y\u00fcr\u00fct\u00fclen istihbari \u00e7al\u0131\u015fmalar kapsam\u0131nda, d\u00fcn G\u00f6nen il\u00e7esinde operasyon ger\u00e7ekle\u015ftirildi. Operasyonda bin 200 kullan\u0131ml\u0131k k\u00e2\u011f\u0131da emdirilmi\u015f sentetik uyu\u015fturucu madde ele ge\u00e7irildi. Olayla ilgili olarak g\u00f6zalt\u0131na al\u0131nan&#8230;<\/p>\n","protected":false},"author":1,"featured_media":75248,"comment_status":"open","ping_status":"open","sticky":false,"template":"","format":"standard","meta":{"_crdt_document":"","footnotes":""},"categories":[5],"tags":[],"class_list":["post-75247","post","type-post","status-publish","format-standard","has-post-thumbnail","hentry","category-asayis"],"_links":{"self":[{"href":"https:\/\/www.egemtv.com\/index.php?rest_route=\/wp\/v2\/posts\/75247","targetHints":{"allow":["GET"]}}],"collection":[{"href":"https:\/\/www.egemtv.com\/index.php?rest_route=\/wp\/v2\/posts"}],"about":[{"href":"https:\/\/www.egemtv.com\/index.php?rest_route=\/wp\/v2\/types\/post"}],"author":[{"embeddable":true,"href":"https:\/\/www.egemtv.com\/index.php?rest_route=\/wp\/v2\/users\/1"}],"replies":[{"embeddable":true,"href":"https:\/\/www.egemtv.com\/index.php?rest_route=%2Fwp%2Fv2%2Fcomments&post=75247"}],"version-history":[{"count":1,"href":"https:\/\/www.egemtv.com\/index.php?rest_route=\/wp\/v2\/posts\/75247\/revisions"}],"predecessor-version":[{"id":75249,"href":"https:\/\/www.egemtv.com\/index.php?rest_route=\/wp\/v2\/posts\/75247\/revisions\/75249"}],"wp:featuredmedia":[{"embeddable":true,"href":"https:\/\/www.egemtv.com\/index.php?rest_route=\/wp\/v2\/media\/75248"}],"wp:attachment":[{"href":"https:\/\/www.egemtv.com\/index.php?rest_route=%2Fwp%2Fv2%2Fmedia&parent=75247"}],"wp:term":[{"taxonomy":"category","embeddable":true,"href":"https:\/\/www.egemtv.com\/index.php?rest_route=%2Fwp%2Fv2%2Fcategories&post=75247"},{"taxonomy":"post_tag","embeddable":true,"href":"https:\/\/www.egemtv.com\/index.php?rest_route=%2Fwp%2Fv2%2Ftags&post=75247"}],"curies":[{"name":"wp","href":"https:\/\/api.w.org\/{rel}","templated":true}]}}