{"id":75244,"date":"2025-12-19T15:15:03","date_gmt":"2025-12-19T12:15:03","guid":{"rendered":"https:\/\/www.egemtv.com\/?p=75244"},"modified":"2025-12-19T15:15:04","modified_gmt":"2025-12-19T12:15:04","slug":"sadan-gokovali-acik-hava-tiyatrosu-yenileniyor","status":"publish","type":"post","link":"https:\/\/www.egemtv.com\/?p=75244","title":{"rendered":"\u015eadan G\u00f6koval\u0131 A\u00e7\u0131k Hava Tiyatrosu yenileniyor"},"content":{"rendered":"<p>Mente\u015fe \u0130l\u00e7esi\u2019nde bulunan Prof. Dr. \u015eadan G\u00f6koval\u0131 A\u00e7\u0131k Hava Tiyatrosu\u2019nda Mu\u011fla B\u00fcy\u00fck\u015fehir Belediyesi sahne, zemin, tavan kaplama, engelli vatanda\u015flar\u0131n etkinlikleri rahatl\u0131kla takip edebilmeleri i\u00e7in eri\u015filebilir platformlar gibi yenileme \u00e7al\u0131\u015fmalar\u0131 yapacak.<br \/>\n<br \/>Tiyatro, konser, festival gibi etkinliklere ev sahipli\u011fi yapan Mu\u011fla B\u00fcy\u00fck\u015fehir Belediyesi Prof. Dr. \u015eadan G\u00f6koval\u0131 A\u00e7\u0131k Hava Tiyatrosu i\u015flevsel ve estetik a\u00e7\u0131dan vatanda\u015flara daha iyi hizmet verebilmesi i\u00e7in yenileniyor. A\u00e7\u0131k Hava Tiyatrosu\u2019nda kapsaml\u0131 bir iyile\u015ftirme \u00e7al\u0131\u015fmalar\u0131na ba\u015flayan B\u00fcy\u00fck\u015fehir Belediyesi tiyatronun i\u00e7 ve d\u0131\u015f mahallerinde genel bir yenileme yapacak. Ayr\u0131ca zemin ve tavan kaplamalar\u0131 de\u011fi\u015ftirilecek, sahne alan\u0131 g\u00fcncel teknolojiye g\u00f6re modernize edilecek. Proje kapsam\u0131nda yenilik olarak engelli vatanda\u015flar\u0131n etkinlikleri rahatl\u0131kla takip edebilmeleri i\u00e7in eri\u015filebilir platformlar olu\u015fturulacak ve sanat\u00e7\u0131 odalar\u0131, protokol odalar\u0131, fuaye alan\u0131 ve idari ofisler gibi destekleyici mahaller de in\u015fa edilecek. D\u0131\u015f alanlarda ise ta\u015f duvar detaylar\u0131yla peyzaj d\u00fczenlemeleri yap\u0131lacak, d\u0131\u015f merdivenler estetik bir bi\u00e7imde yeniden tasarlanacak.<br \/>\n<br \/>Ba\u015fkan Aras; &#8220;\u015eadan G\u00f6koval\u0131 ismini bu \u00f6nemli yap\u0131da sanat ve k\u00fclt\u00fcrle ya\u015fatmaya devam edece\u011fiz&#8221;<br \/>\n<br \/>K\u0131y\u0131 Ege Belediyeler Birli\u011fi ve Mu\u011fla B\u00fcy\u00fck\u015fehir Belediye Ba\u015fkan\u0131 Ahmet Aras Mu\u011fla\u2019n\u0131n k\u00fclt\u00fcrel tarihine \u00e7ok b\u00fcy\u00fck katk\u0131lar\u0131 olan, hem\u015fehrileri \u015eadan G\u00f6koval\u0131\u2019n\u0131n isminin ya\u015fat\u0131ld\u0131\u011f\u0131 A\u00e7\u0131k Hava Tiyatrosu\u2019nun yenileme \u00e7al\u0131\u015fmalar\u0131n\u0131 ba\u015flatt\u0131klar\u0131n\u0131, bu \u00f6nemli yap\u0131n\u0131n yenilenen y\u00fcz\u00fc ile Mu\u011fla\u2019ya uzun y\u0131llar hizmet edece\u011fini belirtti.<br \/>\n<br \/>Ba\u015fkan Aras; &#8220;K\u00fct\u00fcr ve sanat\u0131n \u015fehri Mu\u011fla\u2019m\u0131zda hem\u015fehrilerimize en iyi ve g\u00fczel hizmeti vermek i\u00e7in \u00e7al\u0131\u015f\u0131yoruz. Mu\u011fla\u2019m\u0131z\u0131n s\u00f6zl\u00fc ve yaz\u0131l\u0131 tarihine b\u00fcy\u00fck katk\u0131lar\u0131 olan, b\u0131rakt\u0131\u011f\u0131 eserleri ile hi\u00e7 unutulmayacak olan \u015eadan G\u00f6koval\u0131 hocam\u0131z\u0131n ismini ta\u015f\u0131yan A\u00e7\u0131k Hava Tiyatro\u2019muzu yeniliyoruz. Festivallere, konserlere ev sahipli\u011fi yapan bu yap\u0131 yenilenen y\u00fcz\u00fc, t\u00fcm hem\u015fehrilerimize hitap edecek yeni \u00f6zellikleri ile en k\u0131sa s\u00fcrede kap\u0131lar\u0131n\u0131 sanat ve k\u00fclt\u00fcr etkinliklerine a\u00e7acak. \u015eadan G\u00f6koval\u0131 ismini bu \u00f6nemli yap\u0131da sanat ve k\u00fclt\u00fcrle ya\u015fatmaya devam edece\u011fiz&#8221; dedi.<br \/><\/p>\n","protected":false},"excerpt":{"rendered":"<p>Mente\u015fe \u0130l\u00e7esi\u2019nde bulunan Prof. Dr. \u015eadan G\u00f6koval\u0131 A\u00e7\u0131k Hava Tiyatrosu\u2019nda Mu\u011fla B\u00fcy\u00fck\u015fehir Belediyesi sahne, zemin, tavan kaplama, engelli vatanda\u015flar\u0131n etkinlikleri rahatl\u0131kla takip edebilmeleri i\u00e7in eri\u015filebilir platformlar gibi yenileme \u00e7al\u0131\u015fmalar\u0131 yapacak. Tiyatro, konser, festival gibi etkinliklere ev sahipli\u011fi yapan Mu\u011fla B\u00fcy\u00fck\u015fehir Belediyesi Prof. Dr. \u015eadan G\u00f6koval\u0131 A\u00e7\u0131k Hava Tiyatrosu i\u015flevsel ve estetik a\u00e7\u0131dan vatanda\u015flara daha iyi&#8230;<\/p>\n","protected":false},"author":1,"featured_media":75245,"comment_status":"open","ping_status":"open","sticky":false,"template":"","format":"standard","meta":{"_crdt_document":"","footnotes":""},"categories":[1],"tags":[],"class_list":["post-75244","post","type-post","status-publish","format-standard","has-post-thumbnail","hentry","category-guncel"],"_links":{"self":[{"href":"https:\/\/www.egemtv.com\/index.php?rest_route=\/wp\/v2\/posts\/75244","targetHints":{"allow":["GET"]}}],"collection":[{"href":"https:\/\/www.egemtv.com\/index.php?rest_route=\/wp\/v2\/posts"}],"about":[{"href":"https:\/\/www.egemtv.com\/index.php?rest_route=\/wp\/v2\/types\/post"}],"author":[{"embeddable":true,"href":"https:\/\/www.egemtv.com\/index.php?rest_route=\/wp\/v2\/users\/1"}],"replies":[{"embeddable":true,"href":"https:\/\/www.egemtv.com\/index.php?rest_route=%2Fwp%2Fv2%2Fcomments&post=75244"}],"version-history":[{"count":1,"href":"https:\/\/www.egemtv.com\/index.php?rest_route=\/wp\/v2\/posts\/75244\/revisions"}],"predecessor-version":[{"id":75246,"href":"https:\/\/www.egemtv.com\/index.php?rest_route=\/wp\/v2\/posts\/75244\/revisions\/75246"}],"wp:featuredmedia":[{"embeddable":true,"href":"https:\/\/www.egemtv.com\/index.php?rest_route=\/wp\/v2\/media\/75245"}],"wp:attachment":[{"href":"https:\/\/www.egemtv.com\/index.php?rest_route=%2Fwp%2Fv2%2Fmedia&parent=75244"}],"wp:term":[{"taxonomy":"category","embeddable":true,"href":"https:\/\/www.egemtv.com\/index.php?rest_route=%2Fwp%2Fv2%2Fcategories&post=75244"},{"taxonomy":"post_tag","embeddable":true,"href":"https:\/\/www.egemtv.com\/index.php?rest_route=%2Fwp%2Fv2%2Ftags&post=75244"}],"curies":[{"name":"wp","href":"https:\/\/api.w.org\/{rel}","templated":true}]}}