{"id":75241,"date":"2025-12-19T15:15:02","date_gmt":"2025-12-19T12:15:02","guid":{"rendered":"https:\/\/www.egemtv.com\/?p=75241"},"modified":"2025-12-19T15:15:03","modified_gmt":"2025-12-19T12:15:03","slug":"aydin-buyuksehirden-nazillide-temizlik-ve-bakim-calismasi","status":"publish","type":"post","link":"https:\/\/www.egemtv.com\/?p=75241","title":{"rendered":"Ayd\u0131n B\u00fcy\u00fck\u015fehir\u2019den Nazilli\u2019de temizlik ve bak\u0131m \u00e7al\u0131\u015fmas\u0131"},"content":{"rendered":"<p>Ayd\u0131n B\u00fcy\u00fck\u015fehir Belediyesi taraf\u0131ndan kent genelinde hayata ge\u00e7irilen \u00e7al\u0131\u015fmalar devam ediyor. B\u00fcy\u00fck\u015fehir Belediyesi Park ve Bah\u00e7eler Dairesi Ba\u015fkanl\u0131\u011f\u0131, Ula\u015f\u0131m Dairesi Ba\u015fkanl\u0131\u011f\u0131 ile \u00c7evre Koruma ve Kontrol Dairesi Ba\u015fkanl\u0131\u011f\u0131 ekipleri taraf\u0131ndan Nazilli il\u00e7esinde kapsaml\u0131 \u00e7al\u0131\u015fma ger\u00e7ekle\u015ftirildi.<\/p>\n<p>\u00c7al\u0131\u015fmalardan memnuniyet duyduklar\u0131n\u0131 belirten vatanda\u015flar, Ayd\u0131n B\u00fcy\u00fck\u015fehir Belediye Ba\u015fkan\u0131 \u00d6zlem \u00c7er\u00e7io\u011flu\u2019na te\u015fekk\u00fcr etti.<br \/>\n<br \/>Park ve Bah\u00e7eler Dairesi Ba\u015fkanl\u0131\u011f\u0131 ekipleri taraf\u0131ndan il\u00e7e genelinde peyzaj d\u00fczenlemeleri, a\u011fa\u00e7 budama, trim\u00f6r, bak\u0131m ve temizlik \u00e7al\u0131\u015fmalar\u0131 yap\u0131ld\u0131. \u00c7al\u0131\u015fmalar kapsam\u0131nda cadde ve bulvarlar B\u00fcy\u00fck\u015fehir Belediyesi fidanl\u0131klar\u0131nda yeti\u015ftirilen mevsimlik \u00e7i\u00e7ekler ile s\u00fcslendi.<\/p>\n<p>\u00c7evre Koruma ve Kontrol Dairesi Ba\u015fkanl\u0131\u011f\u0131 ekipleri taraf\u0131ndan cadde ve bulvarlar ile otob\u00fcs duraklar\u0131nda detayl\u0131 temizlik ve \u00e7evre bak\u0131m \u00e7al\u0131\u015fmalar\u0131 yap\u0131ld\u0131. Titizlikle y\u00fcr\u00fct\u00fclen \u00e7al\u0131\u015fmalar ile Nazilli p\u0131r\u0131l p\u0131r\u0131l oldu.<\/p>\n<p>Ula\u015f\u0131m Dairesi Ba\u015fkanl\u0131\u011f\u0131 ekipleri taraf\u0131ndan ise il\u00e7e genelindeki yaya ge\u00e7itleri, trafik tabelalar\u0131 ve sinyalizasyon sistemlerinde bak\u0131m ve yenileme \u00e7al\u0131\u015fmalar\u0131 ger\u00e7ekle\u015ftirildi.<\/p>\n<p>Ayd\u0131n B\u00fcy\u00fck\u015fehir Belediye Ba\u015fkan\u0131 \u00d6zlem \u00c7er\u00e7io\u011flu, Ayd\u0131n\u2019\u0131n t\u00fcm il\u00e7elerinde \u00e7al\u0131\u015fmalar\u0131n s\u00fcrd\u00fc\u011f\u00fcn\u00fc belirterek, &#8220;Kentimiz genelinde hizmetlerimizi hem\u015fehrilerimiz ile bulu\u015fturmay\u0131 s\u00fcrd\u00fcr\u00fcyoruz. Ayd\u0131n\u0131m\u0131z i\u00e7in \u00e7al\u0131\u015f\u0131yor, proje ve yat\u0131r\u0131mlar\u0131m\u0131z\u0131 hayata ge\u00e7iriyoruz. T\u00fcm il\u00e7elerimizde \u00e7al\u0131\u015fmalar\u0131m\u0131za devam edece\u011fiz&#8221; ifadelerini kulland\u0131.<br \/><\/p>\n","protected":false},"excerpt":{"rendered":"<p>Ayd\u0131n B\u00fcy\u00fck\u015fehir Belediyesi taraf\u0131ndan kent genelinde hayata ge\u00e7irilen \u00e7al\u0131\u015fmalar devam ediyor. B\u00fcy\u00fck\u015fehir Belediyesi Park ve Bah\u00e7eler Dairesi Ba\u015fkanl\u0131\u011f\u0131, Ula\u015f\u0131m Dairesi Ba\u015fkanl\u0131\u011f\u0131 ile \u00c7evre Koruma ve Kontrol Dairesi Ba\u015fkanl\u0131\u011f\u0131 ekipleri taraf\u0131ndan Nazilli il\u00e7esinde kapsaml\u0131 \u00e7al\u0131\u015fma ger\u00e7ekle\u015ftirildi. \u00c7al\u0131\u015fmalardan memnuniyet duyduklar\u0131n\u0131 belirten vatanda\u015flar, Ayd\u0131n B\u00fcy\u00fck\u015fehir Belediye Ba\u015fkan\u0131 \u00d6zlem \u00c7er\u00e7io\u011flu\u2019na te\u015fekk\u00fcr etti. Park ve Bah\u00e7eler Dairesi Ba\u015fkanl\u0131\u011f\u0131 ekipleri taraf\u0131ndan&#8230;<\/p>\n","protected":false},"author":1,"featured_media":75242,"comment_status":"open","ping_status":"open","sticky":false,"template":"","format":"standard","meta":{"_crdt_document":"","footnotes":""},"categories":[1],"tags":[],"class_list":["post-75241","post","type-post","status-publish","format-standard","has-post-thumbnail","hentry","category-guncel"],"_links":{"self":[{"href":"https:\/\/www.egemtv.com\/index.php?rest_route=\/wp\/v2\/posts\/75241","targetHints":{"allow":["GET"]}}],"collection":[{"href":"https:\/\/www.egemtv.com\/index.php?rest_route=\/wp\/v2\/posts"}],"about":[{"href":"https:\/\/www.egemtv.com\/index.php?rest_route=\/wp\/v2\/types\/post"}],"author":[{"embeddable":true,"href":"https:\/\/www.egemtv.com\/index.php?rest_route=\/wp\/v2\/users\/1"}],"replies":[{"embeddable":true,"href":"https:\/\/www.egemtv.com\/index.php?rest_route=%2Fwp%2Fv2%2Fcomments&post=75241"}],"version-history":[{"count":1,"href":"https:\/\/www.egemtv.com\/index.php?rest_route=\/wp\/v2\/posts\/75241\/revisions"}],"predecessor-version":[{"id":75243,"href":"https:\/\/www.egemtv.com\/index.php?rest_route=\/wp\/v2\/posts\/75241\/revisions\/75243"}],"wp:featuredmedia":[{"embeddable":true,"href":"https:\/\/www.egemtv.com\/index.php?rest_route=\/wp\/v2\/media\/75242"}],"wp:attachment":[{"href":"https:\/\/www.egemtv.com\/index.php?rest_route=%2Fwp%2Fv2%2Fmedia&parent=75241"}],"wp:term":[{"taxonomy":"category","embeddable":true,"href":"https:\/\/www.egemtv.com\/index.php?rest_route=%2Fwp%2Fv2%2Fcategories&post=75241"},{"taxonomy":"post_tag","embeddable":true,"href":"https:\/\/www.egemtv.com\/index.php?rest_route=%2Fwp%2Fv2%2Ftags&post=75241"}],"curies":[{"name":"wp","href":"https:\/\/api.w.org\/{rel}","templated":true}]}}