{"id":75238,"date":"2025-12-19T15:15:00","date_gmt":"2025-12-19T12:15:00","guid":{"rendered":"https:\/\/www.egemtv.com\/?p=75238"},"modified":"2025-12-19T15:15:02","modified_gmt":"2025-12-19T12:15:02","slug":"yan-yatan-kamyonette-2-kisi-yaralandi","status":"publish","type":"post","link":"https:\/\/www.egemtv.com\/?p=75238","title":{"rendered":"Yan yatan kamyonette 2 ki\u015fi yaraland\u0131"},"content":{"rendered":"<p>Afyonkarahisar\u2019da kontrolden \u00e7\u0131karak yol kenar\u0131ndaki ref\u00fcje giren kamyonet bariyerlere \u00e7arparak yan yatarken kazada iki ki\u015fi yaraland\u0131.<br \/>\n<br \/>Kaza, K\u0131z\u0131l\u00f6ren Kav\u015fa\u011f\u0131nda meydana geldi. Edinilen bilgilere g\u00f6re, 07 AUY 682 plakal\u0131 kamyon hen\u00fcz belirlenemeyen bir nedenle s\u00fcr\u00fcc\u00fcn\u00fcn direksiyon hakimiyetini kaybetmesi sonucu kontrolden \u00e7\u0131kt\u0131. Savrulan ara\u00e7 ard\u0131ndan yol kenar\u0131ndaki ref\u00fcje girip yan yatarak durdu. Kazada ara\u00e7 i\u00e7erisinde bulunan ve isimleri \u00f6\u011frenilemeyen iki ki\u015fi yaraland\u0131.  Yaral\u0131lar kaza sonras\u0131 \u00e7evredekilerin haber vermesi \u00fczerine olay yerine gelen ambulanslarla hastanelere kald\u0131r\u0131ld\u0131.<br \/>\n<br \/>Kazada kamyonetin kar\u015f\u0131 \u015feride ge\u00e7ip devrilmemesi ise ya\u015fanabilecek facian\u0131n \u00f6n\u00fcne ge\u00e7ti.<br \/>\n<br \/>Kaza ile ilgili jandarma taraf\u0131ndan ba\u015flat\u0131lan incelemenin s\u00fcrd\u00fc\u011f\u00fc bildirildi.<br \/><\/p>\n","protected":false},"excerpt":{"rendered":"<p>Afyonkarahisar\u2019da kontrolden \u00e7\u0131karak yol kenar\u0131ndaki ref\u00fcje giren kamyonet bariyerlere \u00e7arparak yan yatarken kazada iki ki\u015fi yaraland\u0131. Kaza, K\u0131z\u0131l\u00f6ren Kav\u015fa\u011f\u0131nda meydana geldi. Edinilen bilgilere g\u00f6re, 07 AUY 682 plakal\u0131 kamyon hen\u00fcz belirlenemeyen bir nedenle s\u00fcr\u00fcc\u00fcn\u00fcn direksiyon hakimiyetini kaybetmesi sonucu kontrolden \u00e7\u0131kt\u0131. Savrulan ara\u00e7 ard\u0131ndan yol kenar\u0131ndaki ref\u00fcje girip yan yatarak durdu. Kazada ara\u00e7 i\u00e7erisinde bulunan ve&#8230;<\/p>\n","protected":false},"author":1,"featured_media":75239,"comment_status":"open","ping_status":"open","sticky":false,"template":"","format":"standard","meta":{"_crdt_document":"","footnotes":""},"categories":[5],"tags":[],"class_list":["post-75238","post","type-post","status-publish","format-standard","has-post-thumbnail","hentry","category-asayis"],"_links":{"self":[{"href":"https:\/\/www.egemtv.com\/index.php?rest_route=\/wp\/v2\/posts\/75238","targetHints":{"allow":["GET"]}}],"collection":[{"href":"https:\/\/www.egemtv.com\/index.php?rest_route=\/wp\/v2\/posts"}],"about":[{"href":"https:\/\/www.egemtv.com\/index.php?rest_route=\/wp\/v2\/types\/post"}],"author":[{"embeddable":true,"href":"https:\/\/www.egemtv.com\/index.php?rest_route=\/wp\/v2\/users\/1"}],"replies":[{"embeddable":true,"href":"https:\/\/www.egemtv.com\/index.php?rest_route=%2Fwp%2Fv2%2Fcomments&post=75238"}],"version-history":[{"count":1,"href":"https:\/\/www.egemtv.com\/index.php?rest_route=\/wp\/v2\/posts\/75238\/revisions"}],"predecessor-version":[{"id":75240,"href":"https:\/\/www.egemtv.com\/index.php?rest_route=\/wp\/v2\/posts\/75238\/revisions\/75240"}],"wp:featuredmedia":[{"embeddable":true,"href":"https:\/\/www.egemtv.com\/index.php?rest_route=\/wp\/v2\/media\/75239"}],"wp:attachment":[{"href":"https:\/\/www.egemtv.com\/index.php?rest_route=%2Fwp%2Fv2%2Fmedia&parent=75238"}],"wp:term":[{"taxonomy":"category","embeddable":true,"href":"https:\/\/www.egemtv.com\/index.php?rest_route=%2Fwp%2Fv2%2Fcategories&post=75238"},{"taxonomy":"post_tag","embeddable":true,"href":"https:\/\/www.egemtv.com\/index.php?rest_route=%2Fwp%2Fv2%2Ftags&post=75238"}],"curies":[{"name":"wp","href":"https:\/\/api.w.org\/{rel}","templated":true}]}}