{"id":75235,"date":"2025-12-19T14:54:56","date_gmt":"2025-12-19T11:54:56","guid":{"rendered":"https:\/\/www.egemtv.com\/?p=75235"},"modified":"2025-12-19T14:54:56","modified_gmt":"2025-12-19T11:54:56","slug":"egitim-bir-sen-manisa-1-nolu-sube-alasehirde-egitim-paydaslariyla-bulustu","status":"publish","type":"post","link":"https:\/\/www.egemtv.com\/?p=75235","title":{"rendered":"E\u011fitim-Bir-Sen Manisa 1 No\u2019lu \u015eube Ala\u015fehir\u2019de e\u011fitim payda\u015flar\u0131yla bulu\u015ftu"},"content":{"rendered":"<p>E\u011fitim-Bir-Sen Manisa 1 No\u2019lu \u015eube Ba\u015fkan\u0131 Ahmet Yasav ve y\u00f6netim kurulu \u00fcyeleri, Manisa\u2019n\u0131n Ala\u015fehir il\u00e7esinde okul ve kurum ziyaretleri ger\u00e7ekle\u015ftirerek e\u011fitimcilerle bir araya geldi.<br \/>\n<br \/>E\u011fitim-Bir-Sen Manisa 1 No\u2019lu \u015eube Ba\u015fkan\u0131 Ahmet Yasav ve y\u00f6netimi; Ala\u015fehir Borsa \u0130stanbul Ticaret Mesleki ve Teknik Anadolu Lisesi, Ala\u015fehir Anadolu \u0130mam Hatip Lisesi, Emine Elem Kayac\u0131k Ortaokulu, \u015eehit H\u00fcseyin \u015eim\u015fek Ortaokulu ile Selahattin Barut\u00e7uo\u011flu Anadolu Lisesi\u2019ni ziyaret etti. Ziyaretlerde okul idarecileri, \u00f6\u011fretmenler ve e\u011fitim \u00e7al\u0131\u015fanlar\u0131yla bir araya gelinerek e\u011fitimde ya\u015fanan sorunlar, beklentiler ve \u00e7\u00f6z\u00fcm \u00f6nerileri ele al\u0131nd\u0131; kar\u015f\u0131l\u0131kl\u0131 fikir al\u0131\u015fveri\u015finde bulunuldu.<br \/>\n<br \/>Heyet, ziyaret edilen okullarda g\u00f6sterilen ilgi ve misafirperverlikten dolay\u0131 okul idarecilerine, \u00f6\u011fretmenlere ve e\u011fitim \u00e7al\u0131\u015fanlar\u0131na te\u015fekk\u00fcr etti.<br \/>\n<br \/>Program kapsam\u0131nda Ala\u015fehir Kaymakam\u0131 Alper Faruk G\u00fcng\u00f6r\u2019\u00fc de ziyaret eden E\u011fitim-Bir-Sen Manisa 1 No\u2019lu \u015eube y\u00f6netimi, il\u00e7edeki e\u011fitime dair genel de\u011ferlendirmelerde bulunarak g\u00f6r\u00fc\u015f al\u0131\u015fveri\u015fi yapt\u0131. Ziyarette, e\u011fitimin niteli\u011finin art\u0131r\u0131lmas\u0131na y\u00f6nelik konular ele al\u0131nd\u0131.<br \/>\n<br \/>E\u011fitim-Bir-Sen Manisa 1 No\u2019lu \u015eube Ba\u015fkan\u0131 Ahmet Yasav ve beraberindeki heyet ayr\u0131ca Ala\u015fehir \u0130l\u00e7e Milli E\u011fitim M\u00fcd\u00fcr\u00fc Fikri \u00c7etinkaya, \u015eube M\u00fcd\u00fcr\u00fc Mustafa Y\u0131lmaz ve Ala\u015fehir \u0130l\u00e7e Milli E\u011fitim M\u00fcd\u00fcrl\u00fc\u011f\u00fc personelini ziyaret etti. G\u00f6r\u00fc\u015fmede e\u011fitim-\u00f6\u011fretim faaliyetleri, kurumlar aras\u0131 i\u015f birli\u011fi ve sahadaki ihtiya\u00e7lar de\u011ferlendirildi.<br \/>\n<br \/>Ziyaretlerin ard\u0131ndan a\u00e7\u0131klamada bulunan \u015eube Ba\u015fkan\u0131 Ahmet Yasav, e\u011fitim camias\u0131n\u0131n t\u00fcm payda\u015flar\u0131yla ileti\u015fimi g\u00fc\u00e7lendirmeyi \u00f6nemsediklerini belirterek, nazik ev sahiplikleri ve misafirperverlikleri i\u00e7in Ala\u015fehir\u2019deki t\u00fcm kurum ve yetkililere te\u015fekk\u00fcr etti.<br \/><\/p>\n","protected":false},"excerpt":{"rendered":"<p>E\u011fitim-Bir-Sen Manisa 1 No\u2019lu \u015eube Ba\u015fkan\u0131 Ahmet Yasav ve y\u00f6netim kurulu \u00fcyeleri, Manisa\u2019n\u0131n Ala\u015fehir il\u00e7esinde okul ve kurum ziyaretleri ger\u00e7ekle\u015ftirerek e\u011fitimcilerle bir araya geldi. E\u011fitim-Bir-Sen Manisa 1 No\u2019lu \u015eube Ba\u015fkan\u0131 Ahmet Yasav ve y\u00f6netimi; Ala\u015fehir Borsa \u0130stanbul Ticaret Mesleki ve Teknik Anadolu Lisesi, Ala\u015fehir Anadolu \u0130mam Hatip Lisesi, Emine Elem Kayac\u0131k Ortaokulu, \u015eehit H\u00fcseyin \u015eim\u015fek&#8230;<\/p>\n","protected":false},"author":1,"featured_media":75236,"comment_status":"open","ping_status":"open","sticky":false,"template":"","format":"standard","meta":{"_crdt_document":"","footnotes":""},"categories":[1],"tags":[],"class_list":["post-75235","post","type-post","status-publish","format-standard","has-post-thumbnail","hentry","category-guncel"],"_links":{"self":[{"href":"https:\/\/www.egemtv.com\/index.php?rest_route=\/wp\/v2\/posts\/75235","targetHints":{"allow":["GET"]}}],"collection":[{"href":"https:\/\/www.egemtv.com\/index.php?rest_route=\/wp\/v2\/posts"}],"about":[{"href":"https:\/\/www.egemtv.com\/index.php?rest_route=\/wp\/v2\/types\/post"}],"author":[{"embeddable":true,"href":"https:\/\/www.egemtv.com\/index.php?rest_route=\/wp\/v2\/users\/1"}],"replies":[{"embeddable":true,"href":"https:\/\/www.egemtv.com\/index.php?rest_route=%2Fwp%2Fv2%2Fcomments&post=75235"}],"version-history":[{"count":1,"href":"https:\/\/www.egemtv.com\/index.php?rest_route=\/wp\/v2\/posts\/75235\/revisions"}],"predecessor-version":[{"id":75237,"href":"https:\/\/www.egemtv.com\/index.php?rest_route=\/wp\/v2\/posts\/75235\/revisions\/75237"}],"wp:featuredmedia":[{"embeddable":true,"href":"https:\/\/www.egemtv.com\/index.php?rest_route=\/wp\/v2\/media\/75236"}],"wp:attachment":[{"href":"https:\/\/www.egemtv.com\/index.php?rest_route=%2Fwp%2Fv2%2Fmedia&parent=75235"}],"wp:term":[{"taxonomy":"category","embeddable":true,"href":"https:\/\/www.egemtv.com\/index.php?rest_route=%2Fwp%2Fv2%2Fcategories&post=75235"},{"taxonomy":"post_tag","embeddable":true,"href":"https:\/\/www.egemtv.com\/index.php?rest_route=%2Fwp%2Fv2%2Ftags&post=75235"}],"curies":[{"name":"wp","href":"https:\/\/api.w.org\/{rel}","templated":true}]}}