{"id":75232,"date":"2025-12-19T14:54:55","date_gmt":"2025-12-19T11:54:55","guid":{"rendered":"https:\/\/www.egemtv.com\/?p=75232"},"modified":"2025-12-19T14:54:56","modified_gmt":"2025-12-19T11:54:56","slug":"ispartada-19-yil-7-ay-hapis-cezasiyla-aranan-hukumlu-yakalandi","status":"publish","type":"post","link":"https:\/\/www.egemtv.com\/?p=75232","title":{"rendered":"Isparta\u2019da 19 y\u0131l 7 ay hapis cezas\u0131yla aranan h\u00fck\u00fcml\u00fc yakaland\u0131"},"content":{"rendered":"<p>Isparta polis ekiplerince d\u00fczenlenen koordineli operasyonda, uyu\u015fturucu ticareti su\u00e7undan 19 y\u0131l 7 ay kesinle\u015fmi\u015f hapis cezas\u0131 bulunan \u015fah\u0131s yakalanarak cezaevine teslim edildi.<br \/>\n<br \/>Isparta \u0130l Emniyet M\u00fcd\u00fcrl\u00fc\u011f\u00fc Narkotik Su\u00e7larla M\u00fccadele \u015eube M\u00fcd\u00fcrl\u00fc\u011f\u00fc ile Asayi\u015f \u015eube M\u00fcd\u00fcrl\u00fc\u011f\u00fc ekiplerince d\u00fcn ger\u00e7ekle\u015ftirdi\u011fi koordineli \u00e7al\u0131\u015fmalar neticesinde, &#8220;Uyu\u015fturucu veya Uyar\u0131c\u0131 Madde Ticareti&#8221; su\u00e7undan 19 y\u0131l 7 ay kesinle\u015fmi\u015f hapis cezas\u0131 ile aranan \u015fah\u0131s yakaland\u0131. Ayr\u0131ca \u015f\u00fcphelinin \u00fczerinde yap\u0131lan aramada 12 adet k\u00e2\u011f\u0131da emdirilmi\u015f uyu\u015fturucu madde ele ge\u00e7irildi. \u015eah\u0131s hakk\u0131nda &#8220;Uyu\u015fturucu veya Uyar\u0131c\u0131 Madde Bulundurmak&#8221; su\u00e7undan ayr\u0131ca adli i\u015flem ba\u015flat\u0131ld\u0131\u011f\u0131 bildirildi. Yakalanan \u015fah\u0131s, emniyetteki i\u015flemlerinin ard\u0131ndan cezaevine teslim edildi.<br \/><\/p>\n","protected":false},"excerpt":{"rendered":"<p>Isparta polis ekiplerince d\u00fczenlenen koordineli operasyonda, uyu\u015fturucu ticareti su\u00e7undan 19 y\u0131l 7 ay kesinle\u015fmi\u015f hapis cezas\u0131 bulunan \u015fah\u0131s yakalanarak cezaevine teslim edildi. Isparta \u0130l Emniyet M\u00fcd\u00fcrl\u00fc\u011f\u00fc Narkotik Su\u00e7larla M\u00fccadele \u015eube M\u00fcd\u00fcrl\u00fc\u011f\u00fc ile Asayi\u015f \u015eube M\u00fcd\u00fcrl\u00fc\u011f\u00fc ekiplerince d\u00fcn ger\u00e7ekle\u015ftirdi\u011fi koordineli \u00e7al\u0131\u015fmalar neticesinde, &#8220;Uyu\u015fturucu veya Uyar\u0131c\u0131 Madde Ticareti&#8221; su\u00e7undan 19 y\u0131l 7 ay kesinle\u015fmi\u015f hapis cezas\u0131 ile&#8230;<\/p>\n","protected":false},"author":1,"featured_media":75233,"comment_status":"open","ping_status":"open","sticky":false,"template":"","format":"standard","meta":{"_crdt_document":"","footnotes":""},"categories":[5],"tags":[],"class_list":["post-75232","post","type-post","status-publish","format-standard","has-post-thumbnail","hentry","category-asayis"],"_links":{"self":[{"href":"https:\/\/www.egemtv.com\/index.php?rest_route=\/wp\/v2\/posts\/75232","targetHints":{"allow":["GET"]}}],"collection":[{"href":"https:\/\/www.egemtv.com\/index.php?rest_route=\/wp\/v2\/posts"}],"about":[{"href":"https:\/\/www.egemtv.com\/index.php?rest_route=\/wp\/v2\/types\/post"}],"author":[{"embeddable":true,"href":"https:\/\/www.egemtv.com\/index.php?rest_route=\/wp\/v2\/users\/1"}],"replies":[{"embeddable":true,"href":"https:\/\/www.egemtv.com\/index.php?rest_route=%2Fwp%2Fv2%2Fcomments&post=75232"}],"version-history":[{"count":1,"href":"https:\/\/www.egemtv.com\/index.php?rest_route=\/wp\/v2\/posts\/75232\/revisions"}],"predecessor-version":[{"id":75234,"href":"https:\/\/www.egemtv.com\/index.php?rest_route=\/wp\/v2\/posts\/75232\/revisions\/75234"}],"wp:featuredmedia":[{"embeddable":true,"href":"https:\/\/www.egemtv.com\/index.php?rest_route=\/wp\/v2\/media\/75233"}],"wp:attachment":[{"href":"https:\/\/www.egemtv.com\/index.php?rest_route=%2Fwp%2Fv2%2Fmedia&parent=75232"}],"wp:term":[{"taxonomy":"category","embeddable":true,"href":"https:\/\/www.egemtv.com\/index.php?rest_route=%2Fwp%2Fv2%2Fcategories&post=75232"},{"taxonomy":"post_tag","embeddable":true,"href":"https:\/\/www.egemtv.com\/index.php?rest_route=%2Fwp%2Fv2%2Ftags&post=75232"}],"curies":[{"name":"wp","href":"https:\/\/api.w.org\/{rel}","templated":true}]}}