{"id":75229,"date":"2025-12-19T14:54:54","date_gmt":"2025-12-19T11:54:54","guid":{"rendered":"https:\/\/www.egemtv.com\/?p=75229"},"modified":"2025-12-19T14:54:55","modified_gmt":"2025-12-19T11:54:55","slug":"marmaris-kordon-caddesi-taksicilerinden-belediyeye-tepki","status":"publish","type":"post","link":"https:\/\/www.egemtv.com\/?p=75229","title":{"rendered":"Marmaris Kordon Caddesi taksicilerinden belediyeye tepki"},"content":{"rendered":"<p>Mu\u011fla\u2019n\u0131n Marmaris il\u00e7esi Tepe Mahallesi\u2019nde bulunan Kordon Caddesi\u2019nde Marmaris Belediyesi taraf\u0131ndan hayata ge\u00e7irilmesi planlanan y\u00fcr\u00fcy\u00fc\u015f yolu ve meydan d\u00fczenlemesi projesine, cadde \u00fczerinde hizmet veren \u00fc\u00e7 taksi dura\u011f\u0131 bas\u0131n a\u00e7\u0131klamas\u0131yla tepki g\u00f6sterdi. Taksi duraklar\u0131nda g\u00f6rev yapan taksiciler, Marmaris Atat\u00fcrk Meydan\u0131\u2019nda bulunan Atat\u00fcrk An\u0131t\u0131 \u00f6n\u00fcnde bir araya gelerek kamuoyuna \u00e7a\u011fr\u0131da bulundu.<\/p>\n<p>Yakla\u015f\u0131k 50 y\u0131ld\u0131r Kordon Caddesi\u2019nde kesintisiz hizmet verdiklerini belirten taksi esnaf\u0131, s\u00f6z konusu projenin ula\u015f\u0131m bilimine, \u015fehir planlama esaslar\u0131na ve kamu yarar\u0131 ilkesine ayk\u0131r\u0131 oldu\u011funu savundu. A\u00e7\u0131klamada, &#8220;Bug\u00fcn tart\u0131\u015f\u0131lan mesele bir meydan meselesi de\u011fil; ak\u0131l m\u0131 rant m\u0131, bilim mi keyfilik mi meselesidir&#8221; ifadelerine yer verildi.<\/p>\n<p>Taksiciler, Kordon Caddesi\u2019nin kaymakaml\u0131k, emniyet birimleri, bankalar, liman, tur tekneleri, eczaneler ve taksi duraklar\u0131yla Marmaris\u2019in en kritik kamusal ula\u015f\u0131m akslar\u0131ndan biri oldu\u011funa dikkat \u00e7ekerek, bu hatt\u0131n ara\u00e7 trafi\u011fine kapat\u0131lmas\u0131n\u0131n \u015fehir i\u00e7i ula\u015f\u0131m\u0131 olumsuz etkileyece\u011fini dile getirdi. Yap\u0131lan a\u00e7\u0131klamada, tek giri\u015f-\u00e7\u0131k\u0131\u015fl\u0131 b\u00f6lgelerde yayala\u015ft\u0131rman\u0131n alternatif ula\u015f\u0131m koridorlar\u0131 olu\u015fturulmadan uygulanmas\u0131n\u0131n trafik kilitlenmesine ve acil hizmetlere eri\u015fimde aksamalara yol a\u00e7aca\u011f\u0131 vurguland\u0131.<\/p>\n<p>Marmaris\u2019in bir metropol olmad\u0131\u011f\u0131na i\u015faret edilen a\u00e7\u0131klamada, il\u00e7enin mevsimsel turizm ekonomisiyle ayakta durdu\u011fu, bu nedenle taksi duraklar\u0131n\u0131n bilin\u00e7li bir planlamayla \u00fc\u00e7 ayr\u0131 noktada konumland\u0131r\u0131ld\u0131\u011f\u0131 ifade edildi. Kordon Caddesi\u2019nde Es Taksi\u2019nin 38, \u00c7\u0131nar Taksi\u2019nin 23, \u00d6zlem Taksi\u2019nin ise 26 ara\u00e7la hizmet verdi\u011fi belirtilerek, bu da\u011f\u0131l\u0131m\u0131n y\u0131llara dayanan saha tecr\u00fcbesinin sonucu oldu\u011fu kaydedildi.<\/p>\n<p>Durak say\u0131s\u0131n\u0131n bire d\u00fc\u015f\u00fcr\u00fclmesinin yakla\u015f\u0131k bin ki\u015finin ge\u00e7imini do\u011frudan ya da dolayl\u0131 olarak etkileyece\u011fini savunan taksiciler, b\u00f6yle bir durumda Marmaris ula\u015f\u0131m sisteminin ciddi zarar g\u00f6rece\u011fini \u00f6ne s\u00fcrd\u00fc. A\u00e7\u0131klamada, projenin hayata ge\u00e7irilmesi halinde yaln\u0131zca taksicilerin de\u011fil, vatanda\u015flar\u0131n, esnaf\u0131n, turistlerin, ya\u015fl\u0131 ve engellilerin de ma\u011fdur olaca\u011f\u0131 belirtildi.<\/p>\n<p>&#8220;Hen\u00fcz yaz\u0131l\u0131 bir a\u00e7\u0131klama almad\u0131k&#8221;<br \/>\n<br \/>Bas\u0131n a\u00e7\u0131klamas\u0131n\u0131n ard\u0131ndan meydanda konu\u015fan Marmaris \u015eof\u00f6rler Odas\u0131 Ba\u015fkan\u0131 B\u00fclent Kalayc\u0131 Marmaris Belediye Ba\u015fkan\u0131 Acar \u00dcnl\u00fc ile g\u00f6r\u00fc\u015fme ger\u00e7ekle\u015ftirdiklerini ve taleplerini ilettiklerini ancak \u015fu ana kadar kendilerine yaz\u0131l\u0131 bir a\u00e7\u0131klama ula\u015fmad\u0131\u011f\u0131n\u0131 s\u00f6yledi. Kalayc\u0131, &#8220;Biz Marmaris\u2019in yarar\u0131na yap\u0131lan t\u00fcm projelerin yan\u0131nday\u0131z, \u00f6nce bunu belirtelim. Konu ile ilgili Belediye ba\u015fkan\u0131m\u0131zla g\u00f6r\u00fc\u015ft\u00fck, t\u00fcm taleplerimizi kendisine ilettik. Ancak elimizde hen\u00fcz yaz\u0131l\u0131 bir belge yok. Burada 90 taksinin tek durakta toplanmas\u0131 y\u00fczlerce taksi \u015fof\u00f6r\u00fcn\u00fc ve taksici esnaf\u0131n\u0131 do\u011frudan etkiler&#8221; ifadelerini kulland\u0131.<\/p>\n<p>Taksi esnaf\u0131, belediyenin projeye ili\u015fkin i\u015flemlerinin denetlenmesi, \u00c7evre, \u015eehircilik ve \u0130klim De\u011fi\u015fikli\u011fi Bakanl\u0131\u011f\u0131\u2019n\u0131n s\u00fcrece m\u00fcdahil olmas\u0131 ve kamu zarar\u0131na yol a\u00e7t\u0131\u011f\u0131 iddia edilen uygulamalar i\u00e7in m\u00fcfetti\u015f g\u00f6revlendirilmesi talep ederek, tazminatlar\u0131n\u0131n verilmesini istediler.<\/p>\n<p>A\u00e7\u0131klaman\u0131n sonunda, taleplerin kar\u015f\u0131lanmamas\u0131 halinde konunun yarg\u0131ya ta\u015f\u0131naca\u011f\u0131 belirtilerek, &#8220;Marmaris masa ba\u015f\u0131nda de\u011fil, ya\u015fayanlar\u0131yla y\u00f6netilmelidir&#8221; ifadeleriyle kamuoyuna \u00e7a\u011fr\u0131da bulunuldu.<br \/><\/p>\n","protected":false},"excerpt":{"rendered":"<p>Mu\u011fla\u2019n\u0131n Marmaris il\u00e7esi Tepe Mahallesi\u2019nde bulunan Kordon Caddesi\u2019nde Marmaris Belediyesi taraf\u0131ndan hayata ge\u00e7irilmesi planlanan y\u00fcr\u00fcy\u00fc\u015f yolu ve meydan d\u00fczenlemesi projesine, cadde \u00fczerinde hizmet veren \u00fc\u00e7 taksi dura\u011f\u0131 bas\u0131n a\u00e7\u0131klamas\u0131yla tepki g\u00f6sterdi. Taksi duraklar\u0131nda g\u00f6rev yapan taksiciler, Marmaris Atat\u00fcrk Meydan\u0131\u2019nda bulunan Atat\u00fcrk An\u0131t\u0131 \u00f6n\u00fcnde bir araya gelerek kamuoyuna \u00e7a\u011fr\u0131da bulundu. Yakla\u015f\u0131k 50 y\u0131ld\u0131r Kordon Caddesi\u2019nde kesintisiz&#8230;<\/p>\n","protected":false},"author":1,"featured_media":75230,"comment_status":"open","ping_status":"open","sticky":false,"template":"","format":"standard","meta":{"_crdt_document":"","footnotes":""},"categories":[1],"tags":[],"class_list":["post-75229","post","type-post","status-publish","format-standard","has-post-thumbnail","hentry","category-guncel"],"_links":{"self":[{"href":"https:\/\/www.egemtv.com\/index.php?rest_route=\/wp\/v2\/posts\/75229","targetHints":{"allow":["GET"]}}],"collection":[{"href":"https:\/\/www.egemtv.com\/index.php?rest_route=\/wp\/v2\/posts"}],"about":[{"href":"https:\/\/www.egemtv.com\/index.php?rest_route=\/wp\/v2\/types\/post"}],"author":[{"embeddable":true,"href":"https:\/\/www.egemtv.com\/index.php?rest_route=\/wp\/v2\/users\/1"}],"replies":[{"embeddable":true,"href":"https:\/\/www.egemtv.com\/index.php?rest_route=%2Fwp%2Fv2%2Fcomments&post=75229"}],"version-history":[{"count":1,"href":"https:\/\/www.egemtv.com\/index.php?rest_route=\/wp\/v2\/posts\/75229\/revisions"}],"predecessor-version":[{"id":75231,"href":"https:\/\/www.egemtv.com\/index.php?rest_route=\/wp\/v2\/posts\/75229\/revisions\/75231"}],"wp:featuredmedia":[{"embeddable":true,"href":"https:\/\/www.egemtv.com\/index.php?rest_route=\/wp\/v2\/media\/75230"}],"wp:attachment":[{"href":"https:\/\/www.egemtv.com\/index.php?rest_route=%2Fwp%2Fv2%2Fmedia&parent=75229"}],"wp:term":[{"taxonomy":"category","embeddable":true,"href":"https:\/\/www.egemtv.com\/index.php?rest_route=%2Fwp%2Fv2%2Fcategories&post=75229"},{"taxonomy":"post_tag","embeddable":true,"href":"https:\/\/www.egemtv.com\/index.php?rest_route=%2Fwp%2Fv2%2Ftags&post=75229"}],"curies":[{"name":"wp","href":"https:\/\/api.w.org\/{rel}","templated":true}]}}