{"id":75226,"date":"2025-12-19T14:54:53","date_gmt":"2025-12-19T11:54:53","guid":{"rendered":"https:\/\/www.egemtv.com\/?p=75226"},"modified":"2025-12-19T14:54:54","modified_gmt":"2025-12-19T11:54:54","slug":"hukumlulerin-el-emegi-goz-nuru-urunleri-gorucuye-cikti","status":"publish","type":"post","link":"https:\/\/www.egemtv.com\/?p=75226","title":{"rendered":"H\u00fck\u00fcml\u00fclerin el eme\u011fi g\u00f6z nuru \u00fcr\u00fcnleri g\u00f6r\u00fcc\u00fcye \u00e7\u0131kt\u0131"},"content":{"rendered":"<p>\u00d6demi\u015f T ve M Tipi Ceza \u0130nfaz Kurumlar\u0131ndaki h\u00fck\u00fcml\u00fclerin el eme\u011fi g\u00f6z nuru eserleri, tarihi \u00c7ak\u0131ra\u011fa Kona\u011f\u0131\u2019nda d\u00fczenlenen anlaml\u0131 bir sergiyle ziyarete a\u00e7\u0131ld\u0131. Sat\u0131\u015ftan elde edilen gelirlerin do\u011frudan h\u00fck\u00fcml\u00fclerin hesaplar\u0131na yat\u0131r\u0131laca\u011f\u0131 bu \u00f6zel sergi, 21 Aral\u0131k tarihine kadar ziyaret\u00e7ilerini bekliyor.<br \/>\n<br \/>\u00d6demi\u015f Cumhuriyet Ba\u015fsavc\u0131l\u0131\u011f\u0131 koordinesinde, \u00d6demi\u015f T Tipi ve M Tipi Ceza \u0130nfaz Kurumlar\u0131nda bar\u0131nd\u0131r\u0131lan h\u00fck\u00fcml\u00fc ve tutuklular\u0131n topluma kazand\u0131r\u0131lmas\u0131 \u00e7al\u0131\u015fmalar\u0131 kapsam\u0131nda anlaml\u0131 bir etkinlik ger\u00e7ekle\u015ftirildi. Sosyal ve k\u00fclt\u00fcrel faaliyetler \u00e7er\u00e7evesinde \u00fcretilen ya\u011fl\u0131 boya resimler ve el sanat\u0131 \u00fcr\u00fcnleri, Birgi \u00c7ak\u0131ra\u011fa Kona\u011f\u0131 \u00f6n\u00fcnde d\u00fczenlenen t\u00f6renle sergilenmeye ba\u015fland\u0131.<\/p>\n<p>Protokolden yo\u011fun kat\u0131l\u0131m<br \/>\n<br \/>Cumhuriyet Savc\u0131s\u0131 Fatih \u0130bi\u015f\u2019in koordinesinde titizlikle haz\u0131rlanan serginin a\u00e7\u0131l\u0131\u015f\u0131na; \u00d6demi\u015f Kaymakam\u0131 Hakan Yavuz Erdo\u011fan, \u00d6demi\u015f Cumhuriyet Ba\u015fsavc\u0131s\u0131 Mehmet Karabulut, \u00d6demi\u015f Belediye Ba\u015fkan\u0131 Mustafa Turan, hakim ve savc\u0131lar, cezaevi m\u00fcd\u00fcrleri, denetimli serbestlik personeli ve \u00e7ok say\u0131da vatanda\u015f kat\u0131ld\u0131. Protokol \u00fcyeleri a\u00e7\u0131l\u0131\u015f kurdelesini kestikten sonra sergiyi gezerek \u00fcr\u00fcnleri inceledi.<\/p>\n<p>Geliri h\u00fck\u00fcml\u00fclere umut olacak<br \/>\n<br \/>Serginin a\u00e7\u0131l\u0131\u015f konu\u015fmas\u0131n\u0131 yapan \u00d6demi\u015f Cumhuriyet Ba\u015fsavc\u0131s\u0131 Mehmet Karabulut, ceza infaz sisteminin sadece bir yapt\u0131r\u0131m de\u011fil, ayn\u0131 zamanda bireyi topluma kazand\u0131rma s\u00fcreci oldu\u011funu vurgulad\u0131. Karabulut, &#8220;Burada sergilenen her bir \u00fcr\u00fcn sab\u0131r, emek ve umutla \u00fcretilmi\u015ftir. \u00dcr\u00fcnlerin sat\u0131\u015f fiyatlar\u0131 bizzat h\u00fck\u00fcml\u00fcler taraf\u0131ndan belirlenmi\u015f olup, elde edilen gelirler do\u011frudan kendilerinin veya ailelerinin hesaplar\u0131na yat\u0131r\u0131lacakt\u0131r. Bu sayede maddi durumu iyi olmayan bireylerin hayata tutunmalar\u0131na destek olunmaktad\u0131r&#8221; dedi.<\/p>\n<p>Tarihi mekanda sanat k\u00f6pr\u00fcs\u00fc<br \/>\n<br \/>Ba\u015fsavc\u0131 Karabulut, serginin toplum ile ceza infaz kurumlar\u0131 aras\u0131nda bir g\u00f6n\u00fcl k\u00f6pr\u00fcs\u00fc kurdu\u011funa dikkat \u00e7ekerek eme\u011fi ge\u00e7en personele ve t\u00fcm kurumlara te\u015fekk\u00fcr etti. Tarihi \u00c7ak\u0131ra\u011fa Kona\u011f\u0131\u2019n\u0131n atmosferinde sergilenen \u00f6zg\u00fcn ya\u011fl\u0131 boya tablolar ve el sanatlar\u0131 \u00fcr\u00fcnleri, kat\u0131l\u0131mc\u0131lardan tam not ald\u0131.<\/p>\n<p>Ziyaret\u00e7ilerini bekliyor<br \/>\n<br \/>18 Aral\u0131k\u2019ta protokol\u00fcn kat\u0131l\u0131m\u0131yla kap\u0131lar\u0131n\u0131 a\u00e7an sergi; 19, 20 ve 21 Aral\u0131k 2025 tarihlerinde de halk\u0131n ziyaretine a\u00e7\u0131k kalacak. Vatanda\u015flar, hem sanata destek olup hem de h\u00fck\u00fcml\u00fclerin topluma yeniden kazand\u0131r\u0131lmas\u0131 s\u00fcrecine katk\u0131 sa\u011flayabilecek.<br \/><\/p>\n","protected":false},"excerpt":{"rendered":"<p>\u00d6demi\u015f T ve M Tipi Ceza \u0130nfaz Kurumlar\u0131ndaki h\u00fck\u00fcml\u00fclerin el eme\u011fi g\u00f6z nuru eserleri, tarihi \u00c7ak\u0131ra\u011fa Kona\u011f\u0131\u2019nda d\u00fczenlenen anlaml\u0131 bir sergiyle ziyarete a\u00e7\u0131ld\u0131. Sat\u0131\u015ftan elde edilen gelirlerin do\u011frudan h\u00fck\u00fcml\u00fclerin hesaplar\u0131na yat\u0131r\u0131laca\u011f\u0131 bu \u00f6zel sergi, 21 Aral\u0131k tarihine kadar ziyaret\u00e7ilerini bekliyor. \u00d6demi\u015f Cumhuriyet Ba\u015fsavc\u0131l\u0131\u011f\u0131 koordinesinde, \u00d6demi\u015f T Tipi ve M Tipi Ceza \u0130nfaz Kurumlar\u0131nda bar\u0131nd\u0131r\u0131lan h\u00fck\u00fcml\u00fc&#8230;<\/p>\n","protected":false},"author":1,"featured_media":75227,"comment_status":"open","ping_status":"open","sticky":false,"template":"","format":"standard","meta":{"_crdt_document":"","footnotes":""},"categories":[1],"tags":[],"class_list":["post-75226","post","type-post","status-publish","format-standard","has-post-thumbnail","hentry","category-guncel"],"_links":{"self":[{"href":"https:\/\/www.egemtv.com\/index.php?rest_route=\/wp\/v2\/posts\/75226","targetHints":{"allow":["GET"]}}],"collection":[{"href":"https:\/\/www.egemtv.com\/index.php?rest_route=\/wp\/v2\/posts"}],"about":[{"href":"https:\/\/www.egemtv.com\/index.php?rest_route=\/wp\/v2\/types\/post"}],"author":[{"embeddable":true,"href":"https:\/\/www.egemtv.com\/index.php?rest_route=\/wp\/v2\/users\/1"}],"replies":[{"embeddable":true,"href":"https:\/\/www.egemtv.com\/index.php?rest_route=%2Fwp%2Fv2%2Fcomments&post=75226"}],"version-history":[{"count":1,"href":"https:\/\/www.egemtv.com\/index.php?rest_route=\/wp\/v2\/posts\/75226\/revisions"}],"predecessor-version":[{"id":75228,"href":"https:\/\/www.egemtv.com\/index.php?rest_route=\/wp\/v2\/posts\/75226\/revisions\/75228"}],"wp:featuredmedia":[{"embeddable":true,"href":"https:\/\/www.egemtv.com\/index.php?rest_route=\/wp\/v2\/media\/75227"}],"wp:attachment":[{"href":"https:\/\/www.egemtv.com\/index.php?rest_route=%2Fwp%2Fv2%2Fmedia&parent=75226"}],"wp:term":[{"taxonomy":"category","embeddable":true,"href":"https:\/\/www.egemtv.com\/index.php?rest_route=%2Fwp%2Fv2%2Fcategories&post=75226"},{"taxonomy":"post_tag","embeddable":true,"href":"https:\/\/www.egemtv.com\/index.php?rest_route=%2Fwp%2Fv2%2Ftags&post=75226"}],"curies":[{"name":"wp","href":"https:\/\/api.w.org\/{rel}","templated":true}]}}