{"id":75223,"date":"2025-12-19T14:54:52","date_gmt":"2025-12-19T11:54:52","guid":{"rendered":"https:\/\/www.egemtv.com\/?p=75223"},"modified":"2025-12-19T14:54:53","modified_gmt":"2025-12-19T11:54:53","slug":"sarampole-devrilen-otomobilde-2-kisi-yaralandi","status":"publish","type":"post","link":"https:\/\/www.egemtv.com\/?p=75223","title":{"rendered":"\u015earampole devrilen otomobilde 2 ki\u015fi yaraland\u0131"},"content":{"rendered":"<p>Afyonkarahisar\u2019\u0131n \u015euhut il\u00e7esinde kontrolden \u00e7\u0131karak \u015farampole devrilen otomobilde 2 ki\u015fi yaraland\u0131<br \/>\n<br \/>Kaza, \u015euhut il\u00e7esi Ar\u0131zl\u0131 k\u00f6y\u00fc yak\u0131nlar\u0131nda meydana geldi. Edinilen bilgilere g\u00f6re, B.P. idaresindeki 20 F 6958 plakal\u0131 otomobil, s\u00fcr\u00fcc\u00fcs\u00fcn\u00fcn hen\u00fcz belirlenemeyen bir nedenle direksiyon h\u00e2kimiyetini kaybetmesi sonucu kontrolden \u00e7\u0131karak takla at\u0131p ard\u0131ndan \u015farampole devrildi. Kazada s\u00fcr\u00fcc\u00fc B.P. ile O.G. yaraland\u0131. Yaral\u0131lar ihbar \u00fczerine olay yerine gelen sa\u011fl\u0131k ekipleri taraf\u0131ndan ambulansla hastaneye kald\u0131r\u0131ld\u0131.<br \/>\n<br \/>Kazan\u0131n ard\u0131ndan jandarma taraf\u0131ndan inceleme ba\u015flat\u0131ld\u0131.<br \/><\/p>\n","protected":false},"excerpt":{"rendered":"<p>Afyonkarahisar\u2019\u0131n \u015euhut il\u00e7esinde kontrolden \u00e7\u0131karak \u015farampole devrilen otomobilde 2 ki\u015fi yaraland\u0131 Kaza, \u015euhut il\u00e7esi Ar\u0131zl\u0131 k\u00f6y\u00fc yak\u0131nlar\u0131nda meydana geldi. Edinilen bilgilere g\u00f6re, B.P. idaresindeki 20 F 6958 plakal\u0131 otomobil, s\u00fcr\u00fcc\u00fcs\u00fcn\u00fcn hen\u00fcz belirlenemeyen bir nedenle direksiyon h\u00e2kimiyetini kaybetmesi sonucu kontrolden \u00e7\u0131karak takla at\u0131p ard\u0131ndan \u015farampole devrildi. Kazada s\u00fcr\u00fcc\u00fc B.P. ile O.G. yaraland\u0131. Yaral\u0131lar ihbar \u00fczerine olay&#8230;<\/p>\n","protected":false},"author":1,"featured_media":75224,"comment_status":"open","ping_status":"open","sticky":false,"template":"","format":"standard","meta":{"_crdt_document":"","footnotes":""},"categories":[5],"tags":[],"class_list":["post-75223","post","type-post","status-publish","format-standard","has-post-thumbnail","hentry","category-asayis"],"_links":{"self":[{"href":"https:\/\/www.egemtv.com\/index.php?rest_route=\/wp\/v2\/posts\/75223","targetHints":{"allow":["GET"]}}],"collection":[{"href":"https:\/\/www.egemtv.com\/index.php?rest_route=\/wp\/v2\/posts"}],"about":[{"href":"https:\/\/www.egemtv.com\/index.php?rest_route=\/wp\/v2\/types\/post"}],"author":[{"embeddable":true,"href":"https:\/\/www.egemtv.com\/index.php?rest_route=\/wp\/v2\/users\/1"}],"replies":[{"embeddable":true,"href":"https:\/\/www.egemtv.com\/index.php?rest_route=%2Fwp%2Fv2%2Fcomments&post=75223"}],"version-history":[{"count":1,"href":"https:\/\/www.egemtv.com\/index.php?rest_route=\/wp\/v2\/posts\/75223\/revisions"}],"predecessor-version":[{"id":75225,"href":"https:\/\/www.egemtv.com\/index.php?rest_route=\/wp\/v2\/posts\/75223\/revisions\/75225"}],"wp:featuredmedia":[{"embeddable":true,"href":"https:\/\/www.egemtv.com\/index.php?rest_route=\/wp\/v2\/media\/75224"}],"wp:attachment":[{"href":"https:\/\/www.egemtv.com\/index.php?rest_route=%2Fwp%2Fv2%2Fmedia&parent=75223"}],"wp:term":[{"taxonomy":"category","embeddable":true,"href":"https:\/\/www.egemtv.com\/index.php?rest_route=%2Fwp%2Fv2%2Fcategories&post=75223"},{"taxonomy":"post_tag","embeddable":true,"href":"https:\/\/www.egemtv.com\/index.php?rest_route=%2Fwp%2Fv2%2Ftags&post=75223"}],"curies":[{"name":"wp","href":"https:\/\/api.w.org\/{rel}","templated":true}]}}