{"id":75220,"date":"2025-12-19T14:54:51","date_gmt":"2025-12-19T11:54:51","guid":{"rendered":"https:\/\/www.egemtv.com\/?p=75220"},"modified":"2025-12-19T14:54:52","modified_gmt":"2025-12-19T11:54:52","slug":"aydin-buyuksehir-belediyesinden-trafik-sorununa-cozum-icin-onemli-adim","status":"publish","type":"post","link":"https:\/\/www.egemtv.com\/?p=75220","title":{"rendered":"Ayd\u0131n B\u00fcy\u00fck\u015fehir Belediyesi\u2019nden trafik sorununa \u00e7\u00f6z\u00fcm i\u00e7in \u00f6nemli ad\u0131m"},"content":{"rendered":"<p>Ayd\u0131n B\u00fcy\u00fck\u015fehir Belediyesi ve Ula\u015ft\u0131rma Bakanl\u0131\u011f\u0131 i\u015fbirli\u011fi ile Yeni D\u00f6rtyol K\u00f6pr\u00fcl\u00fc Kav\u015fa\u011f\u0131 ve yeni nesil kav\u015fak ihaleleri ger\u00e7ekle\u015ftirildi. Efeler il\u00e7esi \u015fehir ge\u00e7i\u015fi trafi\u011finde \u00f6nemli d\u00fczeyde rahatlamaya ve seyahat s\u00fcrelerinin k\u0131salmas\u0131na neden olacak dev proje ba\u015fl\u0131yor.<\/p>\n<p>Yeni D\u00f6rtyol K\u00f6pr\u00fcl\u00fc Kav\u015fa\u011f\u0131, Eski D\u00f6rtyol Kav\u015fa\u011f\u0131, Kad\u0131n Do\u011fum Hastanesi Kav\u015fa\u011f\u0131, I\u015f\u0131kl\u0131 Yolu Kav\u015fa\u011f\u0131, Bay\u0131nd\u0131rl\u0131k Kav\u015fa\u011f\u0131 ve Eski Otoyol Gi\u015feleri Kav\u015fa\u011f\u0131 ile Efeler\u2019e 18 kilometre uzunlu\u011funda yeni kuzey g\u00fcney do\u011frultulu \u00e7evre yolu yap\u0131lmas\u0131 ve Tabakhane \u00c7ay\u0131 \u00fczerindeki k\u00f6pr\u00fcn\u00fcn geni\u015fletilerek yenilenmesini i\u00e7eren dev projede ihale ger\u00e7ekle\u015ftirildi.<\/p>\n<p>Ula\u015ft\u0131rma ve Altyap\u0131 Bakanl\u0131\u011f\u0131 Karayollar\u0131 Genel M\u00fcd\u00fcrl\u00fc\u011f\u00fc ve Ayd\u0131n B\u00fcy\u00fck\u015fehir Belediyesi i\u015fbirli\u011fi ile hayata ge\u00e7ecek ve yat\u0131r\u0131m maliyeti 2 bu\u00e7uk milyar T\u00fcrk Liras\u0131\u2019n\u0131 a\u015fan projenin t\u00fcm\u00fcn\u00fcn iki y\u0131l i\u00e7erisinde t\u00fcm\u00fcyle tamamlanmas\u0131 bekleniyor.<\/p>\n<p>Proje tamamland\u0131\u011f\u0131nda Efeler \u015fehir i\u00e7i ge\u00e7i\u015fi t\u00fcm\u00fcyle katl\u0131 kav\u015fak ve ak\u0131ll\u0131 yeni nesil kav\u015faklara kavu\u015fmu\u015f olacak. Bununla birlikte Mu\u011fla yolu g\u00fczergah\u0131ndan itibaren de Zeybek Mahallesi ve Mimar Sinan Mahallesi\u2019ne kadar Efeler\u2019de ikinci bir ana ula\u015f\u0131m g\u00fczergah\u0131 ortaya \u00e7\u0131kacak.<\/p>\n<p>&#8220;Ayd\u0131n ula\u015f\u0131m\u0131nda \u00e7\u0131\u011f\u0131r a\u00e7\u0131yoruz&#8221;<br \/>\n<br \/>Ayd\u0131n B\u00fcy\u00fck\u015fehir Belediye Ba\u015fkan\u0131 \u00d6zlem \u00c7er\u00e7io\u011flu; &#8220;Ayd\u0131n ula\u015f\u0131m\u0131nda \u00e7\u0131\u011f\u0131r a\u00e7acak, trafik yo\u011funlu\u011funu kal\u0131c\u0131 bir bi\u00e7imde azaltacak, ula\u015f\u0131mda ak\u0131ll\u0131 sistemleri kullanacak bu projeleri Ayd\u0131n bas\u0131n\u0131 ve kamuoyu ile payla\u015fm\u0131\u015f, h\u0131zla uygulama projelerinin tamamlanarak yap\u0131m ihalelerini ger\u00e7ekle\u015ftirece\u011fimizi ifade etmi\u015ftik. Bug\u00fcn de Karayollar\u0131 Genel M\u00fcd\u00fcrl\u00fc\u011f\u00fcm\u00fcz ile birlikte Efeler il\u00e7emizin ula\u015f\u0131m altyap\u0131s\u0131n\u0131n \u00e7ehresini ba\u015ftan a\u015fa\u011f\u0131 de\u011fi\u015ftirecek olan bu projelerin yap\u0131m ihalesini ger\u00e7ekle\u015ftirmi\u015f olman\u0131n mutlulu\u011funu ya\u015f\u0131yoruz. Ayd\u0131n\u0131m\u0131za hay\u0131rl\u0131 u\u011furlu olsun&#8221; ifadelerini kulland\u0131.<\/p>\n<p>Projeleri iki y\u0131l sonunda tamamlamay\u0131 hedeflediklerini de ifade eden Ba\u015fkan \u00c7er\u00e7io\u011flu, &#8220;\u0130lk etapta bir y\u0131l i\u00e7erisinde Tabakhane K\u00f6pr\u00fcs\u00fc\u2019n\u00fc yenileyerek geni\u015fletecek ve Yeni D\u00f6rtyol Kav\u015fa\u011f\u0131m\u0131zda hayata ge\u00e7irece\u011fimiz k\u00f6pr\u00fcl\u00fc kav\u015fa\u011f\u0131m\u0131z\u0131 da Ayd\u0131nl\u0131 hem\u015fehrilerimizin hizmetine sunaca\u011f\u0131z. E\u015f zamanl\u0131 olarak 18 kilometre uzunlu\u011funda Kuzey-G\u00fcney \u00c7evreyolu in\u015faat\u0131 ve di\u011fer kav\u015faklar\u0131m\u0131z\u0131n da imalat\u0131n\u0131 tamamlayarak 2 y\u0131l sonunda Efeler il\u00e7esinde bamba\u015fka bir ula\u015f\u0131m altyap\u0131s\u0131n\u0131 Ayd\u0131n halk\u0131m\u0131z\u0131n hizmetine sunmu\u015f olaca\u011f\u0131z&#8221; ifadelerini kulland\u0131.<\/p>\n<p>Bir ay i\u00e7erisinde projelerin yap\u0131m\u0131na ba\u015flanaca\u011f\u0131 ifade edilirken, S\u00f6ke ve Nazilli il\u00e7elerinde ger\u00e7ekle\u015ftirilecek kav\u015fak projeleri i\u00e7in de \u00e7al\u0131\u015fmalar\u0131n tamamlanmak \u00fczere oldu\u011fu bilgisine ula\u015f\u0131ld\u0131.<br \/><\/p>\n","protected":false},"excerpt":{"rendered":"<p>Ayd\u0131n B\u00fcy\u00fck\u015fehir Belediyesi ve Ula\u015ft\u0131rma Bakanl\u0131\u011f\u0131 i\u015fbirli\u011fi ile Yeni D\u00f6rtyol K\u00f6pr\u00fcl\u00fc Kav\u015fa\u011f\u0131 ve yeni nesil kav\u015fak ihaleleri ger\u00e7ekle\u015ftirildi. Efeler il\u00e7esi \u015fehir ge\u00e7i\u015fi trafi\u011finde \u00f6nemli d\u00fczeyde rahatlamaya ve seyahat s\u00fcrelerinin k\u0131salmas\u0131na neden olacak dev proje ba\u015fl\u0131yor. Yeni D\u00f6rtyol K\u00f6pr\u00fcl\u00fc Kav\u015fa\u011f\u0131, Eski D\u00f6rtyol Kav\u015fa\u011f\u0131, Kad\u0131n Do\u011fum Hastanesi Kav\u015fa\u011f\u0131, I\u015f\u0131kl\u0131 Yolu Kav\u015fa\u011f\u0131, Bay\u0131nd\u0131rl\u0131k Kav\u015fa\u011f\u0131 ve Eski Otoyol Gi\u015feleri&#8230;<\/p>\n","protected":false},"author":1,"featured_media":75221,"comment_status":"open","ping_status":"open","sticky":false,"template":"","format":"standard","meta":{"_crdt_document":"","footnotes":""},"categories":[1],"tags":[],"class_list":["post-75220","post","type-post","status-publish","format-standard","has-post-thumbnail","hentry","category-guncel"],"_links":{"self":[{"href":"https:\/\/www.egemtv.com\/index.php?rest_route=\/wp\/v2\/posts\/75220","targetHints":{"allow":["GET"]}}],"collection":[{"href":"https:\/\/www.egemtv.com\/index.php?rest_route=\/wp\/v2\/posts"}],"about":[{"href":"https:\/\/www.egemtv.com\/index.php?rest_route=\/wp\/v2\/types\/post"}],"author":[{"embeddable":true,"href":"https:\/\/www.egemtv.com\/index.php?rest_route=\/wp\/v2\/users\/1"}],"replies":[{"embeddable":true,"href":"https:\/\/www.egemtv.com\/index.php?rest_route=%2Fwp%2Fv2%2Fcomments&post=75220"}],"version-history":[{"count":1,"href":"https:\/\/www.egemtv.com\/index.php?rest_route=\/wp\/v2\/posts\/75220\/revisions"}],"predecessor-version":[{"id":75222,"href":"https:\/\/www.egemtv.com\/index.php?rest_route=\/wp\/v2\/posts\/75220\/revisions\/75222"}],"wp:featuredmedia":[{"embeddable":true,"href":"https:\/\/www.egemtv.com\/index.php?rest_route=\/wp\/v2\/media\/75221"}],"wp:attachment":[{"href":"https:\/\/www.egemtv.com\/index.php?rest_route=%2Fwp%2Fv2%2Fmedia&parent=75220"}],"wp:term":[{"taxonomy":"category","embeddable":true,"href":"https:\/\/www.egemtv.com\/index.php?rest_route=%2Fwp%2Fv2%2Fcategories&post=75220"},{"taxonomy":"post_tag","embeddable":true,"href":"https:\/\/www.egemtv.com\/index.php?rest_route=%2Fwp%2Fv2%2Ftags&post=75220"}],"curies":[{"name":"wp","href":"https:\/\/api.w.org\/{rel}","templated":true}]}}