{"id":75217,"date":"2025-12-19T14:34:45","date_gmt":"2025-12-19T11:34:45","guid":{"rendered":"https:\/\/www.egemtv.com\/?p=75217"},"modified":"2025-12-19T14:34:45","modified_gmt":"2025-12-19T11:34:45","slug":"priene-antik-kenti-danisma-kurulu-ilk-toplantisini-soke-belediyesi-ev-sahipliginde-yapti","status":"publish","type":"post","link":"https:\/\/www.egemtv.com\/?p=75217","title":{"rendered":"Priene Antik Kenti Dan\u0131\u015fma Kurulu ilk toplant\u0131s\u0131n\u0131 S\u00f6ke Belediyesi ev sahipli\u011finde yapt\u0131"},"content":{"rendered":"<p>Priene Antik Kenti Alan Ba\u015fkanl\u0131\u011f\u0131 Dan\u0131\u015fma Kurulu toplant\u0131s\u0131, S\u00f6ke Belediyesi\u2019nin ev sahipli\u011finde ger\u00e7ekle\u015ftirildi. UNESCO D\u00fcnya Kal\u0131c\u0131 Miras Listesi\u2019ne girme yolunda emin ad\u0131mlarla ilerleyen Priene Antik Kenti\u2019nde, s\u00fcre\u00e7 planland\u0131\u011f\u0131 \u015fekilde devam ediyor.<\/p>\n<p>K\u00fclt\u00fcr ve Turizm Bakanl\u0131\u011f\u0131\u2019n\u0131n &#8220;Korunmas\u0131 Gerekli Ta\u015f\u0131nmaz K\u00fclt\u00fcr Varl\u0131klar\u0131n\u0131n ve Sitlerin Tespit ve Tescili Hakk\u0131nda Y\u00f6netmeli\u011fi&#8221; kapsam\u0131nda olu\u015fturulan ve alan y\u00f6netiminde kilit rol \u00fcstlenen kurullardan biri olan Dan\u0131\u015fma Kurulu, ilk toplant\u0131s\u0131n\u0131 yapt\u0131. Alan y\u00f6netiminde &#8220;E\u015fg\u00fcd\u00fcm ve Denetleme Kurulu&#8221; ile birlikte iki ana yap\u0131dan biri olan Dan\u0131\u015fma Kurulu toplant\u0131lar\u0131n\u0131n ilk g\u00fcn\u00fcnde Priene Antik Kenti\u2019nde inceleme gezisi ger\u00e7ekle\u015ftirdi.<\/p>\n<p>Dan\u0131\u015fma Kurulu ikinci g\u00fcnde ise S\u00f6ke Belediye Meclis Salonu\u2019nda bir araya geldi. Dan\u0131\u015fma Kurulu\u2019nda, akademi, meslek odalar\u0131, sivil toplum kurulu\u015flar\u0131 ve turizm alan\u0131ndan \u00e7ok say\u0131da se\u00e7kin isim yer al\u0131yor.<\/p>\n<p>Toplant\u0131ya; Priene Antik Kenti Alan Ba\u015fkan\u0131 Mine A\u015f\u00e7\u0131\u2019n\u0131n yan\u0131 s\u0131ra Priene Antik Kenti Kaz\u0131 Ba\u015fkan\u0131 Prof. Dr. \u0130brahim Hakan Mert, \u0130stanbul Teknik \u00dcniversitesi\u2019nden Peyzaj Mimar\u0131 Prof. Dr. Hayriye E\u015fbah Tun\u00e7ay, Pamukkale \u00dcniversitesi\u2019nden Stratonikeia Antik Kenti ve Lagina Kutsal Alan\u0131 Kaz\u0131 Ba\u015fkan\u0131 Prof. Dr. Bilal S\u00f6\u011f\u00fct, Anadolu \u00dcniversitesi\u2019nden Karacahisar Kalesi Kaz\u0131 Ba\u015fkan\u0131 Do\u00e7. Dr. Hasan Y\u0131lmazya\u015far, Uluda\u011f \u00dcniversitesi\u2019nden Dr. Ahmet Ali Alt\u0131n, Orta Do\u011fu Teknik \u00dcniversitesi\u2019nden \u015fehir planc\u0131s\u0131 Feridun Duyguluer, Studio Galata \u0130stanbul\u2019dan Mimar G\u00fcrol Baroncelli Sa\u011f\u0131ro\u011flu, Aura \u0130stanbul Y\u00f6netim Kurulu \u00dcyeleri Erhan Naci \u0130\u015f\u00f6zen ve Sinan \u0130zgi kat\u0131ld\u0131.<\/p>\n<p>S\u00f6ke ve Priene Antik Kenti ad\u0131na tarihi g\u00fcnlerin ya\u015fand\u0131\u011f\u0131n\u0131 belirten Priene Antik Kenti Alan Ba\u015fkan\u0131 Mine A\u015f\u00e7\u0131, UNESCO D\u00fcnya Kal\u0131c\u0131 Miras Listesi\u2019ne girme yolunda \u00e7ok somut ad\u0131mlar at\u0131ld\u0131\u011f\u0131n\u0131 s\u00f6yledi. S\u00fcrecin planland\u0131\u011f\u0131 \u015fekilde ilerledi\u011fini ifade eden A\u015f\u00e7\u0131, &#8220;Alan Ba\u015fkanl\u0131\u011f\u0131m\u0131z\u0131n olu\u015fumunun ard\u0131ndan payda\u015flar\u0131m\u0131zla arama toplant\u0131lar\u0131 yapt\u0131k. Bug\u00fcn de Dan\u0131\u015fma Kurulumuzun ilk toplant\u0131s\u0131n\u0131 ger\u00e7ekle\u015ftiriyoruz. Kurul \u00fcyelerimizin g\u00f6r\u00fc\u015f, \u00f6neri ve de\u011ferlendirmeleri bizim i\u00e7in son derece k\u0131ymetli. Ayr\u0131ca bu toplant\u0131da Dan\u0131\u015fma Kurulu Ba\u015fkan\u0131 ile E\u015fg\u00fcd\u00fcm ve Denetleme Kurulu \u00fcyeleri belirlenecek&#8221; dedi.<\/p>\n<p>Toplant\u0131n\u0131n ilk oturumunda Priene Antik Kenti Kaz\u0131 Ba\u015fkan\u0131 Prof. Dr. \u0130brahim Hakan Mert, Priene\u2019deki kaz\u0131 \u00e7al\u0131\u015fmalar\u0131n\u0131n ge\u00e7mi\u015fi ve \u00f6n\u00fcm\u00fczdeki d\u00f6nem kaz\u0131 program\u0131na ili\u015fkin kapsaml\u0131 bir sunum ger\u00e7ekle\u015ftirdi. \u00dcyelerin g\u00f6r\u00fc\u015f ve \u00f6nerileri dinlendi.<\/p>\n<p>Toplant\u0131n\u0131n ikinci oturumunda Dan\u0131\u015fma Kurulu Ba\u015fkanl\u0131\u011f\u0131\u2019na Priene Antik Kenti Kaz\u0131 Ba\u015fkan\u0131 Prof. Dr. \u0130. Hakan Mert, E\u015fg\u00fcd\u00fcm ve Denetleme Kuruluna Uluda\u011f \u00dcniversitesi\u2019nden Dr. Ahmet Ali Alt\u0131n ve S\u00f6ke Ticaret Odas\u0131 Y\u00f6netim Kurulu ba\u015fkan\u0131 Metin Sakalar se\u00e7ildi.<br \/><\/p>\n","protected":false},"excerpt":{"rendered":"<p>Priene Antik Kenti Alan Ba\u015fkanl\u0131\u011f\u0131 Dan\u0131\u015fma Kurulu toplant\u0131s\u0131, S\u00f6ke Belediyesi\u2019nin ev sahipli\u011finde ger\u00e7ekle\u015ftirildi. UNESCO D\u00fcnya Kal\u0131c\u0131 Miras Listesi\u2019ne girme yolunda emin ad\u0131mlarla ilerleyen Priene Antik Kenti\u2019nde, s\u00fcre\u00e7 planland\u0131\u011f\u0131 \u015fekilde devam ediyor. K\u00fclt\u00fcr ve Turizm Bakanl\u0131\u011f\u0131\u2019n\u0131n &#8220;Korunmas\u0131 Gerekli Ta\u015f\u0131nmaz K\u00fclt\u00fcr Varl\u0131klar\u0131n\u0131n ve Sitlerin Tespit ve Tescili Hakk\u0131nda Y\u00f6netmeli\u011fi&#8221; kapsam\u0131nda olu\u015fturulan ve alan y\u00f6netiminde kilit rol \u00fcstlenen&#8230;<\/p>\n","protected":false},"author":1,"featured_media":75218,"comment_status":"open","ping_status":"open","sticky":false,"template":"","format":"standard","meta":{"_crdt_document":"","footnotes":""},"categories":[1],"tags":[],"class_list":["post-75217","post","type-post","status-publish","format-standard","has-post-thumbnail","hentry","category-guncel"],"_links":{"self":[{"href":"https:\/\/www.egemtv.com\/index.php?rest_route=\/wp\/v2\/posts\/75217","targetHints":{"allow":["GET"]}}],"collection":[{"href":"https:\/\/www.egemtv.com\/index.php?rest_route=\/wp\/v2\/posts"}],"about":[{"href":"https:\/\/www.egemtv.com\/index.php?rest_route=\/wp\/v2\/types\/post"}],"author":[{"embeddable":true,"href":"https:\/\/www.egemtv.com\/index.php?rest_route=\/wp\/v2\/users\/1"}],"replies":[{"embeddable":true,"href":"https:\/\/www.egemtv.com\/index.php?rest_route=%2Fwp%2Fv2%2Fcomments&post=75217"}],"version-history":[{"count":1,"href":"https:\/\/www.egemtv.com\/index.php?rest_route=\/wp\/v2\/posts\/75217\/revisions"}],"predecessor-version":[{"id":75219,"href":"https:\/\/www.egemtv.com\/index.php?rest_route=\/wp\/v2\/posts\/75217\/revisions\/75219"}],"wp:featuredmedia":[{"embeddable":true,"href":"https:\/\/www.egemtv.com\/index.php?rest_route=\/wp\/v2\/media\/75218"}],"wp:attachment":[{"href":"https:\/\/www.egemtv.com\/index.php?rest_route=%2Fwp%2Fv2%2Fmedia&parent=75217"}],"wp:term":[{"taxonomy":"category","embeddable":true,"href":"https:\/\/www.egemtv.com\/index.php?rest_route=%2Fwp%2Fv2%2Fcategories&post=75217"},{"taxonomy":"post_tag","embeddable":true,"href":"https:\/\/www.egemtv.com\/index.php?rest_route=%2Fwp%2Fv2%2Ftags&post=75217"}],"curies":[{"name":"wp","href":"https:\/\/api.w.org\/{rel}","templated":true}]}}