{"id":75214,"date":"2025-12-19T14:34:44","date_gmt":"2025-12-19T11:34:44","guid":{"rendered":"https:\/\/www.egemtv.com\/?p=75214"},"modified":"2025-12-19T14:34:44","modified_gmt":"2025-12-19T11:34:44","slug":"ispartada-uyusturucu-ele-gecirildi-2-supheliye-adli-islem","status":"publish","type":"post","link":"https:\/\/www.egemtv.com\/?p=75214","title":{"rendered":"Isparta\u2019da uyu\u015fturucu ele ge\u00e7irildi: 2 \u015f\u00fcpheliye adli i\u015flem"},"content":{"rendered":"<p>Isparta\u2019da polis ekiplerince yap\u0131lan \u00e7al\u0131\u015fmalarda, 52 par\u00e7a halinde 119 kullan\u0131ml\u0131k k\u00e2\u011f\u0131da emdirilmi\u015f uyu\u015fturucu madde ele ge\u00e7irilirken, 2 \u015f\u00fcpheli hakk\u0131nda adli i\u015flem ba\u015flat\u0131ld\u0131.<br \/>\n<br \/>Isparta \u0130l Emniyet M\u00fcd\u00fcrl\u00fc\u011f\u00fc Narkotik Su\u00e7larla M\u00fccadele \u015eube M\u00fcd\u00fcrl\u00fc\u011f\u00fc ekiplerince, d\u00fcn ger\u00e7ekle\u015ftirilen \u00e7al\u0131\u015fmalar kapsam\u0131nda, 52 par\u00e7a halinde toplam 119 kullan\u0131ml\u0131k k\u00e2\u011f\u0131da emdirilmi\u015f uyu\u015fturucu madde ele ge\u00e7irildi. Olayla ilgili olarak 1 \u015f\u00fcpheli hakk\u0131nda &#8220;Uyu\u015fturucu veya Uyar\u0131c\u0131 Madde Bulundurmak ve Kullanmak&#8221; su\u00e7undan, 1 \u015f\u00fcpheli \u015fah\u0131s hakk\u0131nda ise &#8220;Uyu\u015fturucu veya Uyar\u0131c\u0131 Madde Ticareti&#8221; su\u00e7undan adli i\u015flem ba\u015flat\u0131ld\u0131.<br \/><\/p>\n","protected":false},"excerpt":{"rendered":"<p>Isparta\u2019da polis ekiplerince yap\u0131lan \u00e7al\u0131\u015fmalarda, 52 par\u00e7a halinde 119 kullan\u0131ml\u0131k k\u00e2\u011f\u0131da emdirilmi\u015f uyu\u015fturucu madde ele ge\u00e7irilirken, 2 \u015f\u00fcpheli hakk\u0131nda adli i\u015flem ba\u015flat\u0131ld\u0131. Isparta \u0130l Emniyet M\u00fcd\u00fcrl\u00fc\u011f\u00fc Narkotik Su\u00e7larla M\u00fccadele \u015eube M\u00fcd\u00fcrl\u00fc\u011f\u00fc ekiplerince, d\u00fcn ger\u00e7ekle\u015ftirilen \u00e7al\u0131\u015fmalar kapsam\u0131nda, 52 par\u00e7a halinde toplam 119 kullan\u0131ml\u0131k k\u00e2\u011f\u0131da emdirilmi\u015f uyu\u015fturucu madde ele ge\u00e7irildi. Olayla ilgili olarak 1 \u015f\u00fcpheli hakk\u0131nda &#8220;Uyu\u015fturucu&#8230;<\/p>\n","protected":false},"author":1,"featured_media":75215,"comment_status":"open","ping_status":"open","sticky":false,"template":"","format":"standard","meta":{"_crdt_document":"","footnotes":""},"categories":[5],"tags":[],"class_list":["post-75214","post","type-post","status-publish","format-standard","has-post-thumbnail","hentry","category-asayis"],"_links":{"self":[{"href":"https:\/\/www.egemtv.com\/index.php?rest_route=\/wp\/v2\/posts\/75214","targetHints":{"allow":["GET"]}}],"collection":[{"href":"https:\/\/www.egemtv.com\/index.php?rest_route=\/wp\/v2\/posts"}],"about":[{"href":"https:\/\/www.egemtv.com\/index.php?rest_route=\/wp\/v2\/types\/post"}],"author":[{"embeddable":true,"href":"https:\/\/www.egemtv.com\/index.php?rest_route=\/wp\/v2\/users\/1"}],"replies":[{"embeddable":true,"href":"https:\/\/www.egemtv.com\/index.php?rest_route=%2Fwp%2Fv2%2Fcomments&post=75214"}],"version-history":[{"count":1,"href":"https:\/\/www.egemtv.com\/index.php?rest_route=\/wp\/v2\/posts\/75214\/revisions"}],"predecessor-version":[{"id":75216,"href":"https:\/\/www.egemtv.com\/index.php?rest_route=\/wp\/v2\/posts\/75214\/revisions\/75216"}],"wp:featuredmedia":[{"embeddable":true,"href":"https:\/\/www.egemtv.com\/index.php?rest_route=\/wp\/v2\/media\/75215"}],"wp:attachment":[{"href":"https:\/\/www.egemtv.com\/index.php?rest_route=%2Fwp%2Fv2%2Fmedia&parent=75214"}],"wp:term":[{"taxonomy":"category","embeddable":true,"href":"https:\/\/www.egemtv.com\/index.php?rest_route=%2Fwp%2Fv2%2Fcategories&post=75214"},{"taxonomy":"post_tag","embeddable":true,"href":"https:\/\/www.egemtv.com\/index.php?rest_route=%2Fwp%2Fv2%2Ftags&post=75214"}],"curies":[{"name":"wp","href":"https:\/\/api.w.org\/{rel}","templated":true}]}}