{"id":75208,"date":"2025-12-19T13:54:46","date_gmt":"2025-12-19T10:54:46","guid":{"rendered":"https:\/\/www.egemtv.com\/?p=75208"},"modified":"2025-12-19T13:54:47","modified_gmt":"2025-12-19T10:54:47","slug":"cks-basvurularinda-son-gun-31-aralik","status":"publish","type":"post","link":"https:\/\/www.egemtv.com\/?p=75208","title":{"rendered":"\u00c7KS ba\u015fvurular\u0131nda son g\u00fcn 31 Aral\u0131k"},"content":{"rendered":"<p>Mu\u011fla \u0130l Tar\u0131m ve Orman M\u00fcd\u00fcrl\u00fc\u011f\u00fc olarak, Mu\u011fla\u2019da tar\u0131msal faaliyetlerini s\u00fcrd\u00fcren t\u00fcm \u00fcreticilere \u00c7ift\u00e7i Kay\u0131t Sistemine y\u00f6nelik \u00f6nemli bir hat\u0131rlatmada bulundu.<br \/>\n<br \/>\u00c7ift\u00e7i Kay\u0131t Sistemi (\u00c7KS) ba\u015fvurular\u0131 31 Aral\u0131k 2025 tarihinde sona erecek. Tar\u0131msal desteklemelerden yararlanabilmek ve kay\u0131tlar\u0131n g\u00fcncel tutulabilmesi ad\u0131na, hen\u00fcz ba\u015fvurusunu tamamlamam\u0131\u015f olan \u00fcreticilerin 31 Aral\u0131k tarihine kadar i\u015flemlerini ger\u00e7ekle\u015ftirmeleri i\u00e7in ba\u011fl\u0131 bulunduklar\u0131 Ziraat Odalar\u0131na giderek ba\u015fvurular\u0131n\u0131 yapt\u0131rmalar\u0131 istendi.<br \/>\n<br \/>\u00dcreticilerin herhangi bir ma\u011fduriyet ya\u015fanmamas\u0131 i\u00e7in son ba\u015fvuru tarihinin beklenmemesi ve ba\u015fvurular\u0131n zaman\u0131nda tamamlanmas\u0131 istenirken, \u00c7KS i\u015flemleri i\u00e7in son g\u00fcne kalarak ma\u011fduriyet ya\u015famamalar\u0131 istendi.<br \/><\/p>\n","protected":false},"excerpt":{"rendered":"<p>Mu\u011fla \u0130l Tar\u0131m ve Orman M\u00fcd\u00fcrl\u00fc\u011f\u00fc olarak, Mu\u011fla\u2019da tar\u0131msal faaliyetlerini s\u00fcrd\u00fcren t\u00fcm \u00fcreticilere \u00c7ift\u00e7i Kay\u0131t Sistemine y\u00f6nelik \u00f6nemli bir hat\u0131rlatmada bulundu. \u00c7ift\u00e7i Kay\u0131t Sistemi (\u00c7KS) ba\u015fvurular\u0131 31 Aral\u0131k 2025 tarihinde sona erecek. Tar\u0131msal desteklemelerden yararlanabilmek ve kay\u0131tlar\u0131n g\u00fcncel tutulabilmesi ad\u0131na, hen\u00fcz ba\u015fvurusunu tamamlamam\u0131\u015f olan \u00fcreticilerin 31 Aral\u0131k tarihine kadar i\u015flemlerini ger\u00e7ekle\u015ftirmeleri i\u00e7in ba\u011fl\u0131 bulunduklar\u0131 Ziraat&#8230;<\/p>\n","protected":false},"author":1,"featured_media":75209,"comment_status":"open","ping_status":"open","sticky":false,"template":"","format":"standard","meta":{"_crdt_document":"","footnotes":""},"categories":[125],"tags":[],"class_list":["post-75208","post","type-post","status-publish","format-standard","has-post-thumbnail","hentry","category-ekonomi"],"_links":{"self":[{"href":"https:\/\/www.egemtv.com\/index.php?rest_route=\/wp\/v2\/posts\/75208","targetHints":{"allow":["GET"]}}],"collection":[{"href":"https:\/\/www.egemtv.com\/index.php?rest_route=\/wp\/v2\/posts"}],"about":[{"href":"https:\/\/www.egemtv.com\/index.php?rest_route=\/wp\/v2\/types\/post"}],"author":[{"embeddable":true,"href":"https:\/\/www.egemtv.com\/index.php?rest_route=\/wp\/v2\/users\/1"}],"replies":[{"embeddable":true,"href":"https:\/\/www.egemtv.com\/index.php?rest_route=%2Fwp%2Fv2%2Fcomments&post=75208"}],"version-history":[{"count":1,"href":"https:\/\/www.egemtv.com\/index.php?rest_route=\/wp\/v2\/posts\/75208\/revisions"}],"predecessor-version":[{"id":75210,"href":"https:\/\/www.egemtv.com\/index.php?rest_route=\/wp\/v2\/posts\/75208\/revisions\/75210"}],"wp:featuredmedia":[{"embeddable":true,"href":"https:\/\/www.egemtv.com\/index.php?rest_route=\/wp\/v2\/media\/75209"}],"wp:attachment":[{"href":"https:\/\/www.egemtv.com\/index.php?rest_route=%2Fwp%2Fv2%2Fmedia&parent=75208"}],"wp:term":[{"taxonomy":"category","embeddable":true,"href":"https:\/\/www.egemtv.com\/index.php?rest_route=%2Fwp%2Fv2%2Fcategories&post=75208"},{"taxonomy":"post_tag","embeddable":true,"href":"https:\/\/www.egemtv.com\/index.php?rest_route=%2Fwp%2Fv2%2Ftags&post=75208"}],"curies":[{"name":"wp","href":"https:\/\/api.w.org\/{rel}","templated":true}]}}