{"id":75205,"date":"2025-12-19T13:54:45","date_gmt":"2025-12-19T10:54:45","guid":{"rendered":"https:\/\/www.egemtv.com\/?p=75205"},"modified":"2025-12-19T13:54:46","modified_gmt":"2025-12-19T10:54:46","slug":"izmir-sokaklarinda-domuz-suruleri-ile-dogal-yasam-parkina-dondu","status":"publish","type":"post","link":"https:\/\/www.egemtv.com\/?p=75205","title":{"rendered":"\u0130zmir, sokaklar\u0131nda domuz s\u00fcr\u00fcleri ile do\u011fal ya\u015fam park\u0131na d\u00f6nd\u00fc"},"content":{"rendered":"<p>\u0130zmir\u2019in Bal\u00e7ova, Narl\u0131dere ve Bornova il\u00e7elerinde s\u00fcr\u00fc halinde yerle\u015fim yerlerine inen yaban domuzlar\u0131, dev c\u00fcsseleriyle cadde ve sokaklarda cirit atarak korku sal\u0131yor. Geceleri soka\u011fa \u00e7\u0131kmaya korkan vatanda\u015flar yetkilileri kal\u0131c\u0131 \u00f6nlem almaya \u00e7a\u011f\u0131r\u0131rken, baz\u0131 ki\u015filerin ise al\u0131\u015ft\u0131klar\u0131 domuzlardan ka\u00e7mak yerine onlar\u0131 cep telefonlar\u0131yla g\u00f6r\u00fcnt\u00fclemesi dikkat \u00e7ekti.<br \/>\n<br \/>\u0130zmir\u2019de yaban hayat\u0131 ile kent ya\u015fam\u0131 aras\u0131ndaki s\u0131n\u0131rlar iyice belirsizle\u015fmeye ba\u015flad\u0131. \u00d6zellikle Bal\u00e7ova, Narl\u0131dere ve Bornova il\u00e7elerinde gece saatlerinde ortaya \u00e7\u0131kan domuz s\u00fcr\u00fcleri, yerle\u015fim yerlerinde \u00f6zg\u00fcrce dola\u015f\u0131rken g\u00f6r\u00fcnt\u00fclendi. Kent sakinleri, g\u00fcnd\u00fczleri sahipsiz k\u00f6peklerden, geceleri ise say\u0131lar\u0131 her ge\u00e7en g\u00fcn artan dev domuz s\u00fcr\u00fclerinden dert yan\u0131yor.<br \/>\n<br \/>D\u00fcn gece ge\u00e7 saatlerde Bal\u00e7ova sokaklar\u0131na inen yaban domuzlar\u0131, devasa c\u00fcsseleriyle dikkat \u00e7ekti. \u00c7\u00f6p konteynerlerinin etraf\u0131nda yiyecek arayan ve caddelerde s\u00fcr\u00fc halinde ilerleyen domuzlar, trafikteki s\u00fcr\u00fcc\u00fclere ve yoldaki vatanda\u015flara ald\u0131r\u0131\u015f etmeden dola\u015fmaya devam etti. Baz\u0131 \u0130zmirlilerin art\u0131k bu duruma al\u0131\u015ft\u0131\u011f\u0131 ve ka\u00e7mak yerine cep telefonlar\u0131na sar\u0131larak o anlar\u0131 kaydetti\u011fi g\u00f6r\u00fcld\u00fc.<\/p>\n<p>Kentin korkulu r\u00fcyas\u0131 haline geldi<br \/>\n<br \/>\u00d6te yandan, her gece sokaklarda kar\u015f\u0131la\u015ft\u0131klar\u0131 bu tablodan b\u00fcy\u00fck rahats\u0131zl\u0131k duyan vatanda\u015flar ise yetkililere \u00e7a\u011fr\u0131da bulundu. Geceleri yaya olarak d\u0131\u015far\u0131 \u00e7\u0131kmaya korktuklar\u0131n\u0131 belirten mahalle sakinleri, yetkililerin bu konuda art\u0131k kal\u0131c\u0131 ve somut bir tedbir almas\u0131 gerekti\u011fini belirtti. Baz\u0131 vatanda\u015flar da \u015fehir merkezinin domuzlar\u0131n do\u011fal alan\u0131 haline gelmesinde, sokak hayvanlar\u0131 i\u00e7in \u00f6zellikle kald\u0131r\u0131mlara kedi-k\u00f6pek mamas\u0131 koyulmas\u0131n\u0131n da etkili oldu\u011funu iddia etti.<\/p>\n<p>S\u00fcr\u00fc halinde geziyorlar<br \/>\n<br \/>Ya\u015fan durumda bir dengesizlik oldu\u011funu aktaran Bal\u00e7ova il\u00e7esi sakini Osman \u0130lhan, &#8220;\u00c7\u00fcnk\u00fc bu hayvanlar\u0131n buraya inmemesi gerekiyor. \u0130nsanlar yemek veriyor, ekmek k\u0131r\u0131nt\u0131lar\u0131 koyuyor; onlar da buna al\u0131\u015f\u0131p devaml\u0131 geliyorlar, bazen 10, 15, hatta 20 tane oluyorlar. Bal\u00e7ova Belediyesi bu konuda tabelalar asm\u0131\u015f; bu hayvanlara ekmek ve k\u0131r\u0131nt\u0131 at\u0131lmamas\u0131, do\u011fal ya\u015famlar\u0131na b\u0131rak\u0131lmas\u0131 gerekti\u011fini s\u00f6yl\u00fcyor ama dinleyen var m\u0131 bilmiyorum, genelde dinlemiyorlar. \u0130nsanlar ekmek ve yemek art\u0131klar\u0131 b\u0131rak\u0131yor, bu y\u00fczden domuzlar her ak\u015fam saat 10.30-11.00 gibi ormandan buraya iniyor. Soka\u011fa \u00e7\u0131kt\u0131\u011f\u0131m\u0131zda g\u00f6r\u00fcyoruz ve bu da bir korku olu\u015fturuyor. Mesela ben gece saat 2\u2019de evimin \u00f6n\u00fcnden ge\u00e7erken korktum; g\u00fcr\u00fclt\u00fcl\u00fc seslerle, yavrular\u0131yla birlikte 15-20 ki\u015filik s\u00fcr\u00fcler halinde ge\u00e7iyorlar. S\u00fcr\u00fc halinde ses \u00e7\u0131kararak ilerliyorlar ve k\u00f6pek olsa bir \u015fekilde m\u00fcdahale edersiniz ama onlar\u0131n huyunu suyunu bilmedi\u011fimiz i\u00e7in bir \u015fey yapam\u0131yoruz&#8221; dedi.<\/p>\n<p>&#8220;Domuz ailesi \u00e7\u0131kabilir&#8221;<br \/>\n<br \/>Domuzlardan asl\u0131nda \u015fikayet\u00e7i de\u011filiz diyen esnaf Devrim \u00c7\u0131ntay, &#8220;Muhtemelen domuzlar bizden \u015fikayet\u00e7idir \u00e7\u00fcnk\u00fc buraya gelip onlar\u0131n yerini i\u015fgal etmi\u015f durumday\u0131z. Bu konuda hem domuzlar\u0131n hem de insanlar\u0131n yanl\u0131\u015f davran\u0131\u015flar\u0131 var; \u00f6zellikle insanlar\u0131n yem ve mama b\u0131rakmas\u0131 \u00f6nemli bir etken \u00e7\u00fcnk\u00fc domuzlar kedi mamas\u0131n\u0131n kokusuna geliyorlar diye d\u00fc\u015f\u00fcn\u00fcyorum. \u0130lk ba\u015fta insan korkar gibi oluyor ama sonra bak\u0131yorsun ki onlar senden korkuyor ve zaten ka\u00e7\u0131yorlar, bu y\u00fczden asl\u0131nda \u00e7ok b\u00fcy\u00fck bir tehlike arz ettiklerini d\u00fc\u015f\u00fcnm\u00fcyorum; tabii k\u00fc\u00e7\u00fck \u00e7ocuklar konusu ayr\u0131. Bal\u00e7ova Belediyesinin bu konuyla ilgili \u00e7ok bir \u015fey yapt\u0131\u011f\u0131n\u0131 sanm\u0131yorum, \u00e7\u00fcnk\u00fc hayvanlara burada farkl\u0131 bak\u0131ld\u0131\u011f\u0131 i\u00e7in toplama gibi uygulamalar da yap\u0131lamaz; muhtemelen belediye bir \u00e7al\u0131\u015fma yapm\u0131yor, yapsa g\u00f6r\u00fcrd\u00fck diye d\u00fc\u015f\u00fcn\u00fcyorum. Ge\u00e7enlerde trafik kazas\u0131 oldu, domuzlar b\u00fcy\u00fck oldu\u011fu i\u00e7in arabalarda olu\u015fan hasar da b\u00fcy\u00fck oluyor ama herhalde domuzlarla birlikte ya\u015famay\u0131 \u00f6\u011frenmemiz gerekiyor. Bu nedenle \u2018Dikkat hayvan \u00e7\u0131kabilir\u2019 tabelalar\u0131 yerine \u2018Dikkat domuz \u00e7\u0131kabilir\u2019 ya da \u2018Domuz ailesi \u00e7\u0131kabilir\u2019 \u015feklinde tabelalar\u0131n olmas\u0131 bana daha mant\u0131kl\u0131 geliyor&#8221; ifadelerini kulland\u0131.<br \/>\n<br \/>Bal\u00e7ova il\u00e7esinde emlak\u00e7\u0131l\u0131k yapan Vedat K\u00fc\u00e7\u00fckg\u00f6k\u00e7e ise, &#8220;Burada \u00e7ok a\u015f\u0131r\u0131 say\u0131da domuz g\u00f6r\u00fcyoruz ve olduk\u00e7a da b\u00fcy\u00fckler. Bu durum ciddi anlamda tehlike arz ediyor \u00e7\u00fcnk\u00fc bunlar vah\u015fi hayvanlar. Bir g\u00fcn mutlaka bir olay ya\u015fanacak; ya\u015fand\u0131ktan sonra \u00f6nlem almak ise \u00e7ok daha k\u00f6t\u00fc sonu\u00e7lara yol a\u00e7abilir, bu y\u00fczden \u00f6nlemlerin \u015fimdiden al\u0131nmas\u0131 gerekiyor. Teller a\u00e7\u0131k oldu\u011fu i\u00e7in domuzlar rahat rahat girip \u00e7\u0131k\u0131yorlar. Ayr\u0131ca burada onlara yemek veriliyor, ekmek atanlar var. Hem \u00e7evre kirlili\u011fi olu\u015fmu\u015f durumda hem de vah\u015fi hayvanlar\u0131n insanlar\u0131n aras\u0131nda olmamas\u0131 gerekti\u011fini d\u00fc\u015f\u00fcn\u00fcyorum; bu a\u00e7\u0131k bir tehlike olu\u015fturuyor&#8221; diye ekledi.<br \/><\/p>\n","protected":false},"excerpt":{"rendered":"<p>\u0130zmir\u2019in Bal\u00e7ova, Narl\u0131dere ve Bornova il\u00e7elerinde s\u00fcr\u00fc halinde yerle\u015fim yerlerine inen yaban domuzlar\u0131, dev c\u00fcsseleriyle cadde ve sokaklarda cirit atarak korku sal\u0131yor. Geceleri soka\u011fa \u00e7\u0131kmaya korkan vatanda\u015flar yetkilileri kal\u0131c\u0131 \u00f6nlem almaya \u00e7a\u011f\u0131r\u0131rken, baz\u0131 ki\u015filerin ise al\u0131\u015ft\u0131klar\u0131 domuzlardan ka\u00e7mak yerine onlar\u0131 cep telefonlar\u0131yla g\u00f6r\u00fcnt\u00fclemesi dikkat \u00e7ekti. \u0130zmir\u2019de yaban hayat\u0131 ile kent ya\u015fam\u0131 aras\u0131ndaki s\u0131n\u0131rlar iyice belirsizle\u015fmeye&#8230;<\/p>\n","protected":false},"author":1,"featured_media":75206,"comment_status":"open","ping_status":"open","sticky":false,"template":"","format":"standard","meta":{"_crdt_document":"","footnotes":""},"categories":[1],"tags":[],"class_list":["post-75205","post","type-post","status-publish","format-standard","has-post-thumbnail","hentry","category-guncel"],"_links":{"self":[{"href":"https:\/\/www.egemtv.com\/index.php?rest_route=\/wp\/v2\/posts\/75205","targetHints":{"allow":["GET"]}}],"collection":[{"href":"https:\/\/www.egemtv.com\/index.php?rest_route=\/wp\/v2\/posts"}],"about":[{"href":"https:\/\/www.egemtv.com\/index.php?rest_route=\/wp\/v2\/types\/post"}],"author":[{"embeddable":true,"href":"https:\/\/www.egemtv.com\/index.php?rest_route=\/wp\/v2\/users\/1"}],"replies":[{"embeddable":true,"href":"https:\/\/www.egemtv.com\/index.php?rest_route=%2Fwp%2Fv2%2Fcomments&post=75205"}],"version-history":[{"count":1,"href":"https:\/\/www.egemtv.com\/index.php?rest_route=\/wp\/v2\/posts\/75205\/revisions"}],"predecessor-version":[{"id":75207,"href":"https:\/\/www.egemtv.com\/index.php?rest_route=\/wp\/v2\/posts\/75205\/revisions\/75207"}],"wp:featuredmedia":[{"embeddable":true,"href":"https:\/\/www.egemtv.com\/index.php?rest_route=\/wp\/v2\/media\/75206"}],"wp:attachment":[{"href":"https:\/\/www.egemtv.com\/index.php?rest_route=%2Fwp%2Fv2%2Fmedia&parent=75205"}],"wp:term":[{"taxonomy":"category","embeddable":true,"href":"https:\/\/www.egemtv.com\/index.php?rest_route=%2Fwp%2Fv2%2Fcategories&post=75205"},{"taxonomy":"post_tag","embeddable":true,"href":"https:\/\/www.egemtv.com\/index.php?rest_route=%2Fwp%2Fv2%2Ftags&post=75205"}],"curies":[{"name":"wp","href":"https:\/\/api.w.org\/{rel}","templated":true}]}}