{"id":75202,"date":"2025-12-19T13:54:45","date_gmt":"2025-12-19T10:54:45","guid":{"rendered":"https:\/\/www.egemtv.com\/?p=75202"},"modified":"2025-12-19T13:54:45","modified_gmt":"2025-12-19T10:54:45","slug":"ortacada-ekmek-firinlari-denetlendi","status":"publish","type":"post","link":"https:\/\/www.egemtv.com\/?p=75202","title":{"rendered":"Ortaca\u2019da ekmek f\u0131r\u0131nlar\u0131 denetlendi"},"content":{"rendered":"<p>Mu\u011fla\u2019n\u0131n Ortaca il\u00e7esinde ekmek f\u0131r\u0131nlar\u0131na y\u00f6nelik denetim ger\u00e7ekle\u015ftirildi.<\/p>\n<p>Mu\u011fla\u2019n\u0131n Ortaca il\u00e7esinde zab\u0131ta ekipleri taraf\u0131ndan il\u00e7e genelinde faaliyet g\u00f6steren ekmek f\u0131r\u0131nlar\u0131na y\u00f6nelik denetimler ger\u00e7ekle\u015ftirildi. Sabaha kar\u015f\u0131 yap\u0131lan denetimlerde toplam 9 ekmek f\u0131r\u0131n\u0131 kontrol edildi. Denetimler sonucunda, mevzuata ayk\u0131r\u0131l\u0131k tespit edilen 3 i\u015f yerine idari yapt\u0131r\u0131m para cezas\u0131 uygulan\u0131rken, 6 i\u015f yeri eksikliklerinin giderilmesi amac\u0131yla uyar\u0131ld\u0131. D\u00f6rt ayr\u0131 ekip halinde y\u00fcr\u00fct\u00fclen denetimlerde, genel hijyen kurallar\u0131, \u00fcretim alanlar\u0131 ile vatanda\u015flar\u0131n sa\u011fl\u0131kl\u0131 ve g\u00fcvenilir g\u0131daya ula\u015fmas\u0131n\u0131 sa\u011flayacak kriterler dikkatlice incelendi. Halk sa\u011fl\u0131\u011f\u0131n\u0131n korunmas\u0131 ve g\u00fcvenli g\u0131da t\u00fcketiminin sa\u011flanmas\u0131 amac\u0131yla denetimlerin il\u00e7e genelinde aral\u0131ks\u0131z devam edece\u011fi \u00f6\u011frenildi.<br \/><\/p>\n","protected":false},"excerpt":{"rendered":"<p>Mu\u011fla\u2019n\u0131n Ortaca il\u00e7esinde ekmek f\u0131r\u0131nlar\u0131na y\u00f6nelik denetim ger\u00e7ekle\u015ftirildi. Mu\u011fla\u2019n\u0131n Ortaca il\u00e7esinde zab\u0131ta ekipleri taraf\u0131ndan il\u00e7e genelinde faaliyet g\u00f6steren ekmek f\u0131r\u0131nlar\u0131na y\u00f6nelik denetimler ger\u00e7ekle\u015ftirildi. Sabaha kar\u015f\u0131 yap\u0131lan denetimlerde toplam 9 ekmek f\u0131r\u0131n\u0131 kontrol edildi. Denetimler sonucunda, mevzuata ayk\u0131r\u0131l\u0131k tespit edilen 3 i\u015f yerine idari yapt\u0131r\u0131m para cezas\u0131 uygulan\u0131rken, 6 i\u015f yeri eksikliklerinin giderilmesi amac\u0131yla uyar\u0131ld\u0131. D\u00f6rt&#8230;<\/p>\n","protected":false},"author":1,"featured_media":75203,"comment_status":"open","ping_status":"open","sticky":false,"template":"","format":"standard","meta":{"_crdt_document":"","footnotes":""},"categories":[1],"tags":[],"class_list":["post-75202","post","type-post","status-publish","format-standard","has-post-thumbnail","hentry","category-guncel"],"_links":{"self":[{"href":"https:\/\/www.egemtv.com\/index.php?rest_route=\/wp\/v2\/posts\/75202","targetHints":{"allow":["GET"]}}],"collection":[{"href":"https:\/\/www.egemtv.com\/index.php?rest_route=\/wp\/v2\/posts"}],"about":[{"href":"https:\/\/www.egemtv.com\/index.php?rest_route=\/wp\/v2\/types\/post"}],"author":[{"embeddable":true,"href":"https:\/\/www.egemtv.com\/index.php?rest_route=\/wp\/v2\/users\/1"}],"replies":[{"embeddable":true,"href":"https:\/\/www.egemtv.com\/index.php?rest_route=%2Fwp%2Fv2%2Fcomments&post=75202"}],"version-history":[{"count":1,"href":"https:\/\/www.egemtv.com\/index.php?rest_route=\/wp\/v2\/posts\/75202\/revisions"}],"predecessor-version":[{"id":75204,"href":"https:\/\/www.egemtv.com\/index.php?rest_route=\/wp\/v2\/posts\/75202\/revisions\/75204"}],"wp:featuredmedia":[{"embeddable":true,"href":"https:\/\/www.egemtv.com\/index.php?rest_route=\/wp\/v2\/media\/75203"}],"wp:attachment":[{"href":"https:\/\/www.egemtv.com\/index.php?rest_route=%2Fwp%2Fv2%2Fmedia&parent=75202"}],"wp:term":[{"taxonomy":"category","embeddable":true,"href":"https:\/\/www.egemtv.com\/index.php?rest_route=%2Fwp%2Fv2%2Fcategories&post=75202"},{"taxonomy":"post_tag","embeddable":true,"href":"https:\/\/www.egemtv.com\/index.php?rest_route=%2Fwp%2Fv2%2Ftags&post=75202"}],"curies":[{"name":"wp","href":"https:\/\/api.w.org\/{rel}","templated":true}]}}