{"id":75199,"date":"2025-12-19T13:14:34","date_gmt":"2025-12-19T10:14:34","guid":{"rendered":"https:\/\/www.egemtv.com\/?p=75199"},"modified":"2025-12-19T13:14:35","modified_gmt":"2025-12-19T10:14:35","slug":"orkoyden-kirsal-mahallelere-sifir-faizli-36-traktor","status":"publish","type":"post","link":"https:\/\/www.egemtv.com\/?p=75199","title":{"rendered":"ORK\u00d6Y\u2019den k\u0131rsal mahallelere s\u0131f\u0131r faizli 36 trakt\u00f6r"},"content":{"rendered":"<p>Orman Genel M\u00fcd\u00fcrl\u00fc\u011f\u00fc, Orman ve K\u00f6y \u0130\u015fleri Dairesi Ba\u015fkanl\u0131\u011f\u0131 (ORK\u00d6Y) kedisi ile al\u0131nan bir i\u015f makinesi ve 36 trakt\u00f6r Mu\u011fla\u2019n\u0131n Mente\u015fe il\u00e7esinde d\u00fczenlenen t\u00f6ren ile hak sahiplerine teslim edildi. Trakt\u00f6rlerden 29\u2019u Mu\u011fla, 7\u2019si ise Ayd\u0131n iline da\u011f\u0131t\u0131m\u0131 yap\u0131ld\u0131.<br \/>\n<br \/>Orman k\u00f6yl\u00fcs\u00fcn\u00fcn desteklenmesi ve ekonomik olarak g\u00fc\u00e7lendirilmesini ama\u00e7layan, ayn\u0131 zamanda k\u0131rsaldan kente g\u00f6\u00e7\u00fcn \u00f6n\u00fcne ge\u00e7ilmesi amac\u0131yla ORK\u00d6Y taraf\u0131ndan orman k\u00f6yl\u00fclerine y\u00f6nelik yap\u0131lan hibe ve destek program\u0131 \u00e7er\u00e7evesinde ger\u00e7ekle\u015ftirilen i\u015f makinesi ve trakt\u00f6rlerin teslimi t\u00f6reninde konu\u015fan Mu\u011fla Orman B\u00f6lge M\u00fcd\u00fcr\u00fc Mustafa \u00dclk\u00fcd\u00fcr, Mu\u011fla orman B\u00f6lge M\u00fcd\u00fcrl\u00fc\u011f\u00fc olarak 2025 y\u0131l\u0131nda 228 aile ve 1 tar\u0131msal kalk\u0131nma kooperatifine toplam 98 milyon 23 bin TL kredi deste\u011fi sa\u011flad\u0131klar\u0131n\u0131 a\u00e7\u0131klad\u0131.<\/p>\n<p>T\u00fcrkiye\u2019de ilk defa ORK\u00d6Y kredisi ile Ekskavat\u00f6r al\u0131nd\u0131<br \/>\n<br \/>Mu\u011fla Orman B\u00f6lge M\u00fcd\u00fcr\u00fc Mustafa \u00dclk\u00fcd\u00fcr, &#8220;Mu\u011fla orman b\u00f6lge m\u00fcd\u00fcrl\u00fc\u011f\u00fc olarak orman k\u00f6yl\u00fcm\u00fcz\u00fc ORK\u00d6Y kredileriyle desteklemeye devam ediyoruz. Mu\u011fla ilimizde, 145 aileye ve 1 tar\u0131msal kalk\u0131nma kooperatifine 65 milyon 943 bin TL, Ayd\u0131n ilimizde ise 83 aileye 32 milyon 80 bin TL olmak \u00fczere; B\u00f6lge M\u00fcd\u00fcrl\u00fc\u011f\u00fcm\u00fczde 2025 y\u0131l\u0131nda 228 aile ve 1 tar\u0131msal kalk\u0131nma kooperatifine toplam 98 milyon 23 bin TL kredi deste\u011fi sa\u011flad\u0131k. Yapm\u0131\u015f oldu\u011fumuz ORK\u00d6Y kredi desteklerinin y\u00fczde 20\u2019si (19 milyon 604 bin TL) hibe, y\u00fczde 80\u2019i (78 milyon 419 bin) s\u0131f\u0131r faizle 4 ile 7 y\u0131l aras\u0131 geri \u00f6deme plan\u0131yla verilmi\u015ftir. Bug\u00fcne kadarki verdi\u011fimiz (s\u00fct s\u0131\u011f\u0131rc\u0131l\u0131\u011f\u0131, fenni ar\u0131c\u0131l\u0131k, g\u00fcne\u015f enerjisi, trakt\u00f6r ve tambur) gibi ferdi ORK\u00d6Y kredi desteklerinin yan\u0131nda ilk kez bir Tar\u0131msal Kalk\u0131nma Kooperatifine i\u015f makinesi (ekskavat\u00f6r) al\u0131m\u0131nda ORK\u00d6Y kredi deste\u011fi sa\u011flad\u0131k.  Yemi\u015fendere-Fad\u0131l Tar\u0131msal Kalk\u0131nma Kooperatifine ORK\u00d6Y kredi deste\u011fi ile 5 milyon 373 bin TL verilmi\u015f olup, Kooperatifimize 1 adet 14 tonluk i\u015f makinesi (ekskavat\u00f6r) kazand\u0131r\u0131lm\u0131\u015ft\u0131r&#8221; dedi.<\/p>\n<p>&#8220;Orman k\u00f6yl\u00fcs\u00fcne verilen desteklerde faiz kald\u0131r\u0131ld\u0131&#8221;<br \/>\n<br \/>Orman Genel M\u00fcd\u00fcr\u00fc Bekir Karacabey, &#8220;Bu verdi\u011fimiz desteklerde, faiz tamamen kald\u0131r\u0131ld\u0131. Y\u00fczde 20\u2019si hibe olarak kendilerine sunuluyor. Kalan k\u0131sm\u0131 da faizsiz olarak 4 y\u0131l, 5 y\u0131l geri \u00f6demedi krediler sunuyoruz kendilerine. Ayr\u0131ca ev han\u0131mlar\u0131na, sadece ev han\u0131mlar\u0131na verdi\u011fimiz, mikrokredi diye ifade etti\u011fimiz bir kredi \u00e7e\u015fidimiz de var. 36 tane trakt\u00f6r in\u015fallah yeni sahiplerini bulacak. Biz k\u00f6yl\u00fclerimizin bu trakt\u00f6rleri kullan\u0131rken kazas\u0131z belas\u0131z in\u015fallah kendilerine veya bir ba\u015fkas\u0131na zarar vermeden kullanmalar\u0131n\u0131 bu vesileyle kazan\u00e7lar\u0131n\u0131 artt\u0131rmalar\u0131n\u0131 ve mutlu ve bulunduklar\u0131 yerde ya\u015famalar\u0131n\u0131 arz ediyoruz&#8221; dedi.<\/p>\n<p>&#8220;Al\u0131nan trakt\u00f6rler orman k\u00f6yl\u00fcs\u00fcn\u00fcn gelirine b\u00fcy\u00fck katk\u0131 sa\u011flayacak&#8221;<br \/>\n<br \/>Mu\u011fla Valisi Dr. \u0130dris Akb\u0131y\u0131k, &#8220;Mu\u011fla\u2019n\u0131n potansiyeli y\u00fcksek, hakikaten turizm ekonominin lokomotifi olmakla beraber tar\u0131mda da, ormanda da, madende, mermercilikte, su \u00fcr\u00fcnlerinde her alanda T\u00fcrkiye\u2019de ilk be\u015fe girecek verimli sekt\u00f6rlerimiz var. B\u00f6ylelikle tabi bu ORK\u00d6Y kredileriyle, faizsiz kredilerle verilen trakt\u00f6rler, yap\u0131lan di\u011fer projeler, k\u00f6ylerimizin ekonomik gelirine b\u00fcy\u00fck katk\u0131 yapacak ama bizim hayat\u0131m\u0131zda en \u00f6nemli par\u00e7as\u0131 olan ormanlar\u0131m\u0131z\u0131n da korunmas\u0131nda onlara ekstra bir ayr\u0131 moral g\u00fcc\u00fc olacak&#8221; dedi.<br \/>\n<br \/>Konu\u015fmalar\u0131n ard\u0131ndan 29\u2019u Mu\u011fla, 7\u2019si Ayd\u0131n iline olmak \u00fczere 36 adet trakt\u00f6r ve bir i\u015f makinesinin anahtarlar\u0131 Vali ve di\u011fer protokol taraf\u0131ndan hak sahiplerine teslim edildi.<br \/><\/p>\n","protected":false},"excerpt":{"rendered":"<p>Orman Genel M\u00fcd\u00fcrl\u00fc\u011f\u00fc, Orman ve K\u00f6y \u0130\u015fleri Dairesi Ba\u015fkanl\u0131\u011f\u0131 (ORK\u00d6Y) kedisi ile al\u0131nan bir i\u015f makinesi ve 36 trakt\u00f6r Mu\u011fla\u2019n\u0131n Mente\u015fe il\u00e7esinde d\u00fczenlenen t\u00f6ren ile hak sahiplerine teslim edildi. Trakt\u00f6rlerden 29\u2019u Mu\u011fla, 7\u2019si ise Ayd\u0131n iline da\u011f\u0131t\u0131m\u0131 yap\u0131ld\u0131. Orman k\u00f6yl\u00fcs\u00fcn\u00fcn desteklenmesi ve ekonomik olarak g\u00fc\u00e7lendirilmesini ama\u00e7layan, ayn\u0131 zamanda k\u0131rsaldan kente g\u00f6\u00e7\u00fcn \u00f6n\u00fcne ge\u00e7ilmesi amac\u0131yla ORK\u00d6Y&#8230;<\/p>\n","protected":false},"author":1,"featured_media":75200,"comment_status":"open","ping_status":"open","sticky":false,"template":"","format":"standard","meta":{"_crdt_document":"","footnotes":""},"categories":[125],"tags":[],"class_list":["post-75199","post","type-post","status-publish","format-standard","has-post-thumbnail","hentry","category-ekonomi"],"_links":{"self":[{"href":"https:\/\/www.egemtv.com\/index.php?rest_route=\/wp\/v2\/posts\/75199","targetHints":{"allow":["GET"]}}],"collection":[{"href":"https:\/\/www.egemtv.com\/index.php?rest_route=\/wp\/v2\/posts"}],"about":[{"href":"https:\/\/www.egemtv.com\/index.php?rest_route=\/wp\/v2\/types\/post"}],"author":[{"embeddable":true,"href":"https:\/\/www.egemtv.com\/index.php?rest_route=\/wp\/v2\/users\/1"}],"replies":[{"embeddable":true,"href":"https:\/\/www.egemtv.com\/index.php?rest_route=%2Fwp%2Fv2%2Fcomments&post=75199"}],"version-history":[{"count":1,"href":"https:\/\/www.egemtv.com\/index.php?rest_route=\/wp\/v2\/posts\/75199\/revisions"}],"predecessor-version":[{"id":75201,"href":"https:\/\/www.egemtv.com\/index.php?rest_route=\/wp\/v2\/posts\/75199\/revisions\/75201"}],"wp:featuredmedia":[{"embeddable":true,"href":"https:\/\/www.egemtv.com\/index.php?rest_route=\/wp\/v2\/media\/75200"}],"wp:attachment":[{"href":"https:\/\/www.egemtv.com\/index.php?rest_route=%2Fwp%2Fv2%2Fmedia&parent=75199"}],"wp:term":[{"taxonomy":"category","embeddable":true,"href":"https:\/\/www.egemtv.com\/index.php?rest_route=%2Fwp%2Fv2%2Fcategories&post=75199"},{"taxonomy":"post_tag","embeddable":true,"href":"https:\/\/www.egemtv.com\/index.php?rest_route=%2Fwp%2Fv2%2Ftags&post=75199"}],"curies":[{"name":"wp","href":"https:\/\/api.w.org\/{rel}","templated":true}]}}