{"id":75196,"date":"2025-12-19T12:54:57","date_gmt":"2025-12-19T09:54:57","guid":{"rendered":"https:\/\/www.egemtv.com\/?p=75196"},"modified":"2025-12-19T12:54:59","modified_gmt":"2025-12-19T09:54:59","slug":"denizli-su-zirvesinde-su-sorununa-kalici-cozumleri-konusulacak","status":"publish","type":"post","link":"https:\/\/www.egemtv.com\/?p=75196","title":{"rendered":"Denizli Su Zirvesinde su sorununa kal\u0131c\u0131 \u00e7\u00f6z\u00fcmleri konu\u015fulacak"},"content":{"rendered":"<p>Denizli\u2019nin su sorununa kar\u015f\u0131 \u00e7\u00f6z\u00fcm \u00fcretmek \u00fczere kamu, sanayi ve akademi d\u00fcnyas\u0131 ortak ak\u0131lla bulu\u015fuyor. &#8220;Barda\u011fa Bo\u015f Taraf\u0131ndan Bak&#8221; mottosuyla d\u00fczenlenen etkinlik, iki a\u015famal\u0131 bir s\u00fcre\u00e7le hayata ge\u00e7irilecek. \u0130lk a\u015fama, 19-20 Aral\u0131k tarihlerinde Pamukkale \u00dcniversitesi akademisyenlerinin ment\u00f6rl\u00fc\u011f\u00fc ve \u00f6\u011frencilerin kat\u0131l\u0131m\u0131yla ger\u00e7ekle\u015ftirilen Terspektif Fikir Maratonu; ikinci a\u015fama ise 22 Aral\u0131k\u2019ta Denizli Su Zirvesi olacak. Fikir maratonunda geli\u015ftirilen projeler, zirve \u00f6ncesinde j\u00fcri taraf\u0131ndan de\u011ferlendirilecek ve ard\u0131ndan zirvede kamuoyuna sunulacak.<\/p>\n<p>Denizli Sanayi Odas\u0131 ev sahipli\u011finde d\u00fczenlenecek olan zirve, su k\u0131tl\u0131\u011f\u0131 ve s\u00fcrd\u00fcr\u00fclebilir su y\u00f6netimi konular\u0131n\u0131 kapsaml\u0131 bir \u015fekilde ele alacak. K\u00fcresel \u00f6l\u00e7ekte artan su stresi kar\u015f\u0131s\u0131nda ortak ak\u0131l olu\u015fturmak amac\u0131yla d\u00fczenlenen etkinlik, Denizli Sanayi Odas\u0131 (DSO) AB Bilgi Merkezi koordinasyonunda, Avrupa Birli\u011fi T\u00fcrkiye Delegasyonu deste\u011fiyle, Denizli B\u00fcy\u00fck\u015fehir Belediyesi ve DESK\u0130 i\u015f birli\u011fiyle hayata ge\u00e7iriliyor. &#8220;Barda\u011fa Bo\u015f Taraf\u0131ndan Bak&#8221; Yakla\u015f\u0131m\u0131 ve Terspektif Fikir Maratonu, Denizli \u00f6zelinde su sorununa al\u0131\u015f\u0131lm\u0131\u015f\u0131n d\u0131\u015f\u0131nda, yenilik\u00e7i ve \u00e7\u00f6z\u00fcm odakl\u0131 bir bak\u0131\u015f kazand\u0131rmay\u0131 ama\u00e7l\u0131yor. Pamukkale \u00dcniversitesi akademisyenlerinin ment\u00f6rl\u00fc\u011f\u00fc ve \u00f6\u011frencilerin kat\u0131l\u0131m\u0131yla ger\u00e7ekle\u015ftirilecek maratonun a\u00e7\u0131l\u0131\u015f\u0131n\u0131 Denizli Sanayi Odas\u0131 Genel Sekreteri Dr. Sezgi Akba\u015f yapacak. Maraton s\u00fcresince geli\u015ftirilen uygulanabilir ve teknik yetkinli\u011fi y\u00fcksek projeler, j\u00fcri taraf\u0131ndan de\u011ferlendirilerek \u00f6d\u00fcllendirilecek ve ard\u0131ndan zirvede kamuoyuna sunulacak.<\/p>\n<p>Sekt\u00f6r\u00fcn \u00f6nc\u00fc isimleri panelde bir araya geliyor<br \/>\n<br \/>Zirvede a\u00e7\u0131l\u0131\u015f konu\u015fmalar\u0131; Denizli Sanayi Odas\u0131 Y\u00f6netim Kurulu Ba\u015fkan\u0131 Selim Kasapo\u011flu, Pamukkale \u00dcniversitesi Rekt\u00f6r Yard\u0131mc\u0131s\u0131 Mehmet \u0130nel ve Denizli B\u00fcy\u00fck\u015fehir Belediye Ba\u015fkan\u0131 B\u00fclent Nuri \u00c7avu\u015fo\u011flu taraf\u0131ndan ger\u00e7ekle\u015ftirilecek. Moderat\u00f6rl\u00fc\u011f\u00fcn\u00fc Pamukkale \u00dcniversitesi Uluslararas\u0131 Finansman ve Ticaret B\u00f6l\u00fcm Ba\u015fkan\u0131 Do\u00e7. Dr. U\u011fur Akko\u00e7\u2019un \u00fcstlenece\u011fi panelde; DESK\u0130 Genel M\u00fcd\u00fcr\u00fc Egemen Emre Be\u015fli ile Do\u011fal Hayat\u0131 Koruma Vakf\u0131 (WWF) T\u00fcrkiye Tatl\u0131 Su ve Sulak Alan Program\u0131 M\u00fcd\u00fcr\u00fc Eren Atak, su y\u00f6netiminde at\u0131lmas\u0131 gereken stratejik ad\u0131mlar\u0131 ve \u00e7\u00f6z\u00fcm yol haritalar\u0131n\u0131 kat\u0131l\u0131mc\u0131larla payla\u015facak.<\/p>\n<p>Gen\u00e7 zihinlerden gelece\u011fin teknolojileri<br \/>\n<br \/>Zirvenin final b\u00f6l\u00fcm\u00fcnde, Terspektif Fikir Maratonunda finale kalan tak\u0131mlar projelerini sunacak ve \u00f6d\u00fcllerini protokol \u00fcyelerinden alacak. Maraton s\u00fcresince ment\u00f6rler e\u015fli\u011finde teknoloji ve inovasyon oda\u011f\u0131nda projeler geli\u015ftiren ekiplerin fikirleri, Denizli\u2019nin su y\u00f6netimine katk\u0131 sa\u011flamas\u0131 amac\u0131yla kamuoyuyla payla\u015f\u0131lacak. Etkinlik 19 -20 Aral\u0131k\u2019ta Terspektif Maratonu ile ba\u015flayacak. 22 Aral\u0131k saat 13.30\u2019da ise Denizli Su Zirvesi ger\u00e7ekle\u015fecek.<br \/><\/p>\n","protected":false},"excerpt":{"rendered":"<p>Denizli\u2019nin su sorununa kar\u015f\u0131 \u00e7\u00f6z\u00fcm \u00fcretmek \u00fczere kamu, sanayi ve akademi d\u00fcnyas\u0131 ortak ak\u0131lla bulu\u015fuyor. &#8220;Barda\u011fa Bo\u015f Taraf\u0131ndan Bak&#8221; mottosuyla d\u00fczenlenen etkinlik, iki a\u015famal\u0131 bir s\u00fcre\u00e7le hayata ge\u00e7irilecek. \u0130lk a\u015fama, 19-20 Aral\u0131k tarihlerinde Pamukkale \u00dcniversitesi akademisyenlerinin ment\u00f6rl\u00fc\u011f\u00fc ve \u00f6\u011frencilerin kat\u0131l\u0131m\u0131yla ger\u00e7ekle\u015ftirilen Terspektif Fikir Maratonu; ikinci a\u015fama ise 22 Aral\u0131k\u2019ta Denizli Su Zirvesi olacak. Fikir maratonunda&#8230;<\/p>\n","protected":false},"author":1,"featured_media":75197,"comment_status":"open","ping_status":"open","sticky":false,"template":"","format":"standard","meta":{"_crdt_document":"","footnotes":""},"categories":[1],"tags":[],"class_list":["post-75196","post","type-post","status-publish","format-standard","has-post-thumbnail","hentry","category-guncel"],"_links":{"self":[{"href":"https:\/\/www.egemtv.com\/index.php?rest_route=\/wp\/v2\/posts\/75196","targetHints":{"allow":["GET"]}}],"collection":[{"href":"https:\/\/www.egemtv.com\/index.php?rest_route=\/wp\/v2\/posts"}],"about":[{"href":"https:\/\/www.egemtv.com\/index.php?rest_route=\/wp\/v2\/types\/post"}],"author":[{"embeddable":true,"href":"https:\/\/www.egemtv.com\/index.php?rest_route=\/wp\/v2\/users\/1"}],"replies":[{"embeddable":true,"href":"https:\/\/www.egemtv.com\/index.php?rest_route=%2Fwp%2Fv2%2Fcomments&post=75196"}],"version-history":[{"count":1,"href":"https:\/\/www.egemtv.com\/index.php?rest_route=\/wp\/v2\/posts\/75196\/revisions"}],"predecessor-version":[{"id":75198,"href":"https:\/\/www.egemtv.com\/index.php?rest_route=\/wp\/v2\/posts\/75196\/revisions\/75198"}],"wp:featuredmedia":[{"embeddable":true,"href":"https:\/\/www.egemtv.com\/index.php?rest_route=\/wp\/v2\/media\/75197"}],"wp:attachment":[{"href":"https:\/\/www.egemtv.com\/index.php?rest_route=%2Fwp%2Fv2%2Fmedia&parent=75196"}],"wp:term":[{"taxonomy":"category","embeddable":true,"href":"https:\/\/www.egemtv.com\/index.php?rest_route=%2Fwp%2Fv2%2Fcategories&post=75196"},{"taxonomy":"post_tag","embeddable":true,"href":"https:\/\/www.egemtv.com\/index.php?rest_route=%2Fwp%2Fv2%2Ftags&post=75196"}],"curies":[{"name":"wp","href":"https:\/\/api.w.org\/{rel}","templated":true}]}}