{"id":75193,"date":"2025-12-19T12:54:56","date_gmt":"2025-12-19T09:54:56","guid":{"rendered":"https:\/\/www.egemtv.com\/?p=75193"},"modified":"2025-12-19T12:54:57","modified_gmt":"2025-12-19T09:54:57","slug":"baskan-erdogan-tobb-baskanimizin-ziyareti-bizlere-buyuk-bir-moral-ve-guc-kaynagi-oldu","status":"publish","type":"post","link":"https:\/\/www.egemtv.com\/?p=75193","title":{"rendered":"Ba\u015fkan Erdo\u011fan: &#8220;TOBB Ba\u015fkan\u0131m\u0131z\u0131n ziyareti bizlere b\u00fcy\u00fck bir moral ve g\u00fc\u00e7 kayna\u011f\u0131 oldu&#8221;"},"content":{"rendered":"<p>T\u00fcrkiye Odalar ve Borsalar Birli\u011fi (TOBB) Ba\u015fkan\u0131 M. Rifat Hisarc\u0131kl\u0131o\u011flu\u2019nun, Denizli Ticaret Odas\u0131\u2019n\u0131 ziyaretine ili\u015fkin bir de\u011ferlendirmede bulunan Denizli Ticaret Odas\u0131 Ba\u015fkan\u0131 U\u011fur Erdo\u011fan, TOBB Ba\u015fkan\u0131 Hisarc\u0131kl\u0131o\u011flu\u2019nun Denizli i\u015f d\u00fcnyas\u0131na verdi\u011fi deste\u011fin son derece k\u0131ymetli oldu\u011funu vurgulad\u0131.<\/p>\n<p>Denizli Ticaret Odas\u0131 (DTO) Y\u00f6netim Kurulu Ba\u015fkan\u0131 U\u011fur Erdo\u011fan, TOBB Ba\u015fkan\u0131 M. Rifat Hisarc\u0131kl\u0131o\u011flu\u2019nun Denizli ziyaretine ili\u015fkin de\u011ferlendirmede bulundu. Ba\u015fkan Erdo\u011fan, TOBB Ba\u015fkan\u0131 Rifat Hisarc\u0131kl\u0131o\u011flu\u2019nu a\u011f\u0131rlamaktan b\u00fcy\u00fck memnuniyet duyduklar\u0131n\u0131 ifade etti. Ziyarette Denizli ekonomisinin mevcut durumu, ticaret erbab\u0131n\u0131n, sanayinin, ihracat\u00e7\u0131lar\u0131n ve \u00fcyelerinin kar\u015f\u0131la\u015ft\u0131\u011f\u0131 sorunlar ile finansmana eri\u015fim, dijital ve ye\u015fil d\u00f6n\u00fc\u015f\u00fcm s\u00fcreci ile i\u015f d\u00fcnyas\u0131n\u0131n beklentilerinin ele al\u0131nd\u0131\u011f\u0131n\u0131 belirten Ba\u015fkan Erdo\u011fan, &#8220;Denizli\u2019miz; \u00fcretimi, ihracat\u0131 ve giri\u015fimci ruhuyla T\u00fcrkiye ekonomisine g\u00fc\u00e7l\u00fc katk\u0131 sa\u011flayan \u015fehirlerin ba\u015f\u0131nda gelmektedir. Bu do\u011frultuda i\u015f d\u00fcnyam\u0131z\u0131n taleplerini, beklentilerini ve \u00e7\u00f6z\u00fcm \u00f6nerilerini Say\u0131n Ba\u015fkan\u0131m\u0131za do\u011frudan iletme f\u0131rsat\u0131 bulduk. TOBB \u00e7at\u0131s\u0131 alt\u0131nda y\u00fcr\u00fct\u00fclen \u00e7al\u0131\u015fmalar ve destek mekanizmalar\u0131, \u00fcyelerimiz i\u00e7in son derece de\u011ferlidir&#8221; dedi.<\/p>\n<p>Ba\u015fkan Erdo\u011fan ayr\u0131ca, TOBB\u2019un \u00fcyesi olan odalarla g\u00fc\u00e7l\u00fc i\u015f birli\u011finin, ekonomik kalk\u0131nma a\u00e7\u0131s\u0131ndan da b\u00fcy\u00fck \u00f6nem ta\u015f\u0131d\u0131\u011f\u0131n\u0131 ifade ederek \u015funlar\u0131 kaydetti: &#8220;TOBB\u2019un liderli\u011finde y\u00fcr\u00fct\u00fclen \u00e7al\u0131\u015fmalar, i\u015f d\u00fcnyam\u0131z\u0131n sorunlar\u0131n\u0131n \u00e7\u00f6z\u00fcm\u00fcnde \u00f6nemli bir rol \u00fcstlenmektedir. Say\u0131n Ba\u015fkan\u0131m\u0131z\u0131n vizyoner yakla\u015f\u0131m\u0131 ve her zaman reel sekt\u00f6r\u00fcn yan\u0131nda durmas\u0131, bizlere g\u00fc\u00e7 vermektedir&#8221;<br \/><\/p>\n","protected":false},"excerpt":{"rendered":"<p>T\u00fcrkiye Odalar ve Borsalar Birli\u011fi (TOBB) Ba\u015fkan\u0131 M. Rifat Hisarc\u0131kl\u0131o\u011flu\u2019nun, Denizli Ticaret Odas\u0131\u2019n\u0131 ziyaretine ili\u015fkin bir de\u011ferlendirmede bulunan Denizli Ticaret Odas\u0131 Ba\u015fkan\u0131 U\u011fur Erdo\u011fan, TOBB Ba\u015fkan\u0131 Hisarc\u0131kl\u0131o\u011flu\u2019nun Denizli i\u015f d\u00fcnyas\u0131na verdi\u011fi deste\u011fin son derece k\u0131ymetli oldu\u011funu vurgulad\u0131. Denizli Ticaret Odas\u0131 (DTO) Y\u00f6netim Kurulu Ba\u015fkan\u0131 U\u011fur Erdo\u011fan, TOBB Ba\u015fkan\u0131 M. Rifat Hisarc\u0131kl\u0131o\u011flu\u2019nun Denizli ziyaretine ili\u015fkin de\u011ferlendirmede&#8230;<\/p>\n","protected":false},"author":1,"featured_media":75194,"comment_status":"open","ping_status":"open","sticky":false,"template":"","format":"standard","meta":{"_crdt_document":"","footnotes":""},"categories":[125],"tags":[],"class_list":["post-75193","post","type-post","status-publish","format-standard","has-post-thumbnail","hentry","category-ekonomi"],"_links":{"self":[{"href":"https:\/\/www.egemtv.com\/index.php?rest_route=\/wp\/v2\/posts\/75193","targetHints":{"allow":["GET"]}}],"collection":[{"href":"https:\/\/www.egemtv.com\/index.php?rest_route=\/wp\/v2\/posts"}],"about":[{"href":"https:\/\/www.egemtv.com\/index.php?rest_route=\/wp\/v2\/types\/post"}],"author":[{"embeddable":true,"href":"https:\/\/www.egemtv.com\/index.php?rest_route=\/wp\/v2\/users\/1"}],"replies":[{"embeddable":true,"href":"https:\/\/www.egemtv.com\/index.php?rest_route=%2Fwp%2Fv2%2Fcomments&post=75193"}],"version-history":[{"count":1,"href":"https:\/\/www.egemtv.com\/index.php?rest_route=\/wp\/v2\/posts\/75193\/revisions"}],"predecessor-version":[{"id":75195,"href":"https:\/\/www.egemtv.com\/index.php?rest_route=\/wp\/v2\/posts\/75193\/revisions\/75195"}],"wp:featuredmedia":[{"embeddable":true,"href":"https:\/\/www.egemtv.com\/index.php?rest_route=\/wp\/v2\/media\/75194"}],"wp:attachment":[{"href":"https:\/\/www.egemtv.com\/index.php?rest_route=%2Fwp%2Fv2%2Fmedia&parent=75193"}],"wp:term":[{"taxonomy":"category","embeddable":true,"href":"https:\/\/www.egemtv.com\/index.php?rest_route=%2Fwp%2Fv2%2Fcategories&post=75193"},{"taxonomy":"post_tag","embeddable":true,"href":"https:\/\/www.egemtv.com\/index.php?rest_route=%2Fwp%2Fv2%2Ftags&post=75193"}],"curies":[{"name":"wp","href":"https:\/\/api.w.org\/{rel}","templated":true}]}}