{"id":75139,"date":"2025-12-19T11:14:55","date_gmt":"2025-12-19T08:14:55","guid":{"rendered":"https:\/\/www.egemtv.com\/?p=75139"},"modified":"2025-12-19T11:14:56","modified_gmt":"2025-12-19T08:14:56","slug":"kutahyada-mesleki-egitimin-gelistirilmesine-yonelik-istisare-toplantisi","status":"publish","type":"post","link":"https:\/\/www.egemtv.com\/?p=75139","title":{"rendered":"K\u00fctahya\u2019da mesleki e\u011fitimin geli\u015ftirilmesine y\u00f6nelik isti\u015fare toplant\u0131s\u0131"},"content":{"rendered":"<p>K\u00fctahya \u0130l Milli E\u011fitim M\u00fcd\u00fcrl\u00fc\u011f\u00fc ile K\u00fctahya Ticaret ve Sanayi Odas\u0131 (K\u00dcTSO), mesleki e\u011fitimin geli\u015ftirilmesine y\u00f6nelik isti\u015fare toplant\u0131s\u0131nda bir araya geldi.<br \/>\n<br \/>Toplant\u0131ya, \u0130l Milli E\u011fitim M\u00fcd\u00fcr Yard\u0131mc\u0131s\u0131 Mustafa Topuz ile Mesleki ve Teknik E\u011fitim Hizmetleri \u015eube M\u00fcd\u00fcr\u00fc Ali Sezer kat\u0131ld\u0131. G\u00f6r\u00fc\u015fmede, mesleki e\u011fitimin mevcut durumu de\u011ferlendirilirken, sekt\u00f6rle i\u015f birli\u011fini g\u00fc\u00e7lendirmeye y\u00f6nelik y\u00fcr\u00fct\u00fclebilecek projeler ve \u00f6n\u00fcm\u00fczdeki d\u00f6nemde hayata ge\u00e7irilmesi planlanan \u00e7al\u0131\u015fmalar ele al\u0131nd\u0131. \u0130sti\u015fare toplant\u0131s\u0131nda ayr\u0131ca, HAM\u0130 Projesi ba\u015fta olmak \u00fczere mesleki e\u011fitimin gelece\u011fine y\u00f6n verecek uygulamalar, \u00f6\u011frencilerin istihdam odakl\u0131 yeti\u015ftirilmesi ve sanayi-okul i\u015f birliklerinin art\u0131r\u0131lmas\u0131 konular\u0131nda kar\u015f\u0131l\u0131kl\u0131 de\u011ferlendirmelerde bulunuldu.<br \/>\n<br \/>Mesleki e\u011fitimin K\u00fctahya\u2019n\u0131n ekonomik ve sosyal kalk\u0131nmas\u0131ndaki \u00f6nemine dikkat \u00e7ekilen toplant\u0131da, ortak ak\u0131l ve i\u015f birli\u011fi anlay\u0131\u015f\u0131yla at\u0131lacak ad\u0131mlar\u0131n mesleki e\u011fitimin g\u00fc\u00e7lenmesine \u00f6nemli katk\u0131lar sa\u011flayaca\u011f\u0131 vurguland\u0131.<br \/><\/p>\n","protected":false},"excerpt":{"rendered":"<p>K\u00fctahya \u0130l Milli E\u011fitim M\u00fcd\u00fcrl\u00fc\u011f\u00fc ile K\u00fctahya Ticaret ve Sanayi Odas\u0131 (K\u00dcTSO), mesleki e\u011fitimin geli\u015ftirilmesine y\u00f6nelik isti\u015fare toplant\u0131s\u0131nda bir araya geldi. Toplant\u0131ya, \u0130l Milli E\u011fitim M\u00fcd\u00fcr Yard\u0131mc\u0131s\u0131 Mustafa Topuz ile Mesleki ve Teknik E\u011fitim Hizmetleri \u015eube M\u00fcd\u00fcr\u00fc Ali Sezer kat\u0131ld\u0131. G\u00f6r\u00fc\u015fmede, mesleki e\u011fitimin mevcut durumu de\u011ferlendirilirken, sekt\u00f6rle i\u015f birli\u011fini g\u00fc\u00e7lendirmeye y\u00f6nelik y\u00fcr\u00fct\u00fclebilecek projeler ve \u00f6n\u00fcm\u00fczdeki&#8230;<\/p>\n","protected":false},"author":1,"featured_media":75140,"comment_status":"open","ping_status":"open","sticky":false,"template":"","format":"standard","meta":{"_crdt_document":"","footnotes":""},"categories":[1],"tags":[],"class_list":["post-75139","post","type-post","status-publish","format-standard","has-post-thumbnail","hentry","category-guncel"],"_links":{"self":[{"href":"https:\/\/www.egemtv.com\/index.php?rest_route=\/wp\/v2\/posts\/75139","targetHints":{"allow":["GET"]}}],"collection":[{"href":"https:\/\/www.egemtv.com\/index.php?rest_route=\/wp\/v2\/posts"}],"about":[{"href":"https:\/\/www.egemtv.com\/index.php?rest_route=\/wp\/v2\/types\/post"}],"author":[{"embeddable":true,"href":"https:\/\/www.egemtv.com\/index.php?rest_route=\/wp\/v2\/users\/1"}],"replies":[{"embeddable":true,"href":"https:\/\/www.egemtv.com\/index.php?rest_route=%2Fwp%2Fv2%2Fcomments&post=75139"}],"version-history":[{"count":1,"href":"https:\/\/www.egemtv.com\/index.php?rest_route=\/wp\/v2\/posts\/75139\/revisions"}],"predecessor-version":[{"id":75141,"href":"https:\/\/www.egemtv.com\/index.php?rest_route=\/wp\/v2\/posts\/75139\/revisions\/75141"}],"wp:featuredmedia":[{"embeddable":true,"href":"https:\/\/www.egemtv.com\/index.php?rest_route=\/wp\/v2\/media\/75140"}],"wp:attachment":[{"href":"https:\/\/www.egemtv.com\/index.php?rest_route=%2Fwp%2Fv2%2Fmedia&parent=75139"}],"wp:term":[{"taxonomy":"category","embeddable":true,"href":"https:\/\/www.egemtv.com\/index.php?rest_route=%2Fwp%2Fv2%2Fcategories&post=75139"},{"taxonomy":"post_tag","embeddable":true,"href":"https:\/\/www.egemtv.com\/index.php?rest_route=%2Fwp%2Fv2%2Ftags&post=75139"}],"curies":[{"name":"wp","href":"https:\/\/api.w.org\/{rel}","templated":true}]}}