{"id":75136,"date":"2025-12-19T11:14:54","date_gmt":"2025-12-19T08:14:54","guid":{"rendered":"https:\/\/www.egemtv.com\/?p=75136"},"modified":"2025-12-19T11:14:55","modified_gmt":"2025-12-19T08:14:55","slug":"tavsanlida-ogrencilere-cevre-egitimi","status":"publish","type":"post","link":"https:\/\/www.egemtv.com\/?p=75136","title":{"rendered":"Tav\u015fanl\u0131\u2019da \u00f6\u011frencilere \u00e7evre e\u011fitimi"},"content":{"rendered":"<p>K\u00fctahya \u00c7evre, \u015eehircilik ve \u0130klim De\u011fi\u015fikli\u011fi \u0130l M\u00fcd\u00fcrl\u00fc\u011f\u00fc taraf\u0131ndan, \u00e7evre bilincini art\u0131rmak ve s\u0131f\u0131r at\u0131k anlay\u0131\u015f\u0131n\u0131 k\u00fc\u00e7\u00fck ya\u015flarda kazand\u0131rmak amac\u0131yla Tav\u015fanl\u0131 il\u00e7esinde e\u011fitim program\u0131 d\u00fczenlendi.<br \/>\n<br \/>Tav\u015fanl\u0131 Mehmet Tarhan \u0130lkokulu\u2019nda ger\u00e7ekle\u015ftirilen e\u011fitim kapsam\u0131nda \u00f6\u011frencilere, at\u0131klar\u0131n kayna\u011f\u0131nda ayr\u0131\u015ft\u0131r\u0131lmas\u0131, geri d\u00f6n\u00fc\u015f\u00fcm\u00fcn do\u011fal kaynaklar\u0131n korunmas\u0131ndaki \u00f6nemi ve \u00e7evreye duyarl\u0131 ya\u015fam al\u0131\u015fkanl\u0131klar\u0131 hakk\u0131nda bilgiler verildi. E\u011fitici sunumlar\u0131n yan\u0131 s\u0131ra interaktif etkinliklerle desteklenen programda \u00f6\u011frenciler s\u00fcrece aktif kat\u0131l\u0131m sa\u011flad\u0131.<br \/>\n<br \/>&#8220;Gelece\u011fimizi Korumak \u0130\u00e7in Bug\u00fcn Harekete Ge\u00e7iyoruz!&#8221; slogan\u0131yla ger\u00e7ekle\u015ftirilen etkinlikte, \u00f6\u011frencilerin \u00e7evreye kar\u015f\u0131 duyarl\u0131 bireyler olarak yeti\u015fmelerine katk\u0131 sa\u011flanmas\u0131 hedeflendi. Program sonunda minik \u00f6\u011frenciler, g\u00fcnl\u00fck ya\u015famda at\u0131k olu\u015fumunu azaltma ve geri d\u00f6n\u00fc\u015f\u00fcme katk\u0131 sunma konusunda bilin\u00e7lendirilerek \u00e7evre dostu davran\u0131\u015flar sergilemeleri y\u00f6n\u00fcnde te\u015fvik edildi.<br \/><\/p>\n","protected":false},"excerpt":{"rendered":"<p>K\u00fctahya \u00c7evre, \u015eehircilik ve \u0130klim De\u011fi\u015fikli\u011fi \u0130l M\u00fcd\u00fcrl\u00fc\u011f\u00fc taraf\u0131ndan, \u00e7evre bilincini art\u0131rmak ve s\u0131f\u0131r at\u0131k anlay\u0131\u015f\u0131n\u0131 k\u00fc\u00e7\u00fck ya\u015flarda kazand\u0131rmak amac\u0131yla Tav\u015fanl\u0131 il\u00e7esinde e\u011fitim program\u0131 d\u00fczenlendi. Tav\u015fanl\u0131 Mehmet Tarhan \u0130lkokulu\u2019nda ger\u00e7ekle\u015ftirilen e\u011fitim kapsam\u0131nda \u00f6\u011frencilere, at\u0131klar\u0131n kayna\u011f\u0131nda ayr\u0131\u015ft\u0131r\u0131lmas\u0131, geri d\u00f6n\u00fc\u015f\u00fcm\u00fcn do\u011fal kaynaklar\u0131n korunmas\u0131ndaki \u00f6nemi ve \u00e7evreye duyarl\u0131 ya\u015fam al\u0131\u015fkanl\u0131klar\u0131 hakk\u0131nda bilgiler verildi. E\u011fitici sunumlar\u0131n yan\u0131 s\u0131ra interaktif&#8230;<\/p>\n","protected":false},"author":1,"featured_media":75137,"comment_status":"open","ping_status":"open","sticky":false,"template":"","format":"standard","meta":{"_crdt_document":"","footnotes":""},"categories":[1],"tags":[],"class_list":["post-75136","post","type-post","status-publish","format-standard","has-post-thumbnail","hentry","category-guncel"],"_links":{"self":[{"href":"https:\/\/www.egemtv.com\/index.php?rest_route=\/wp\/v2\/posts\/75136","targetHints":{"allow":["GET"]}}],"collection":[{"href":"https:\/\/www.egemtv.com\/index.php?rest_route=\/wp\/v2\/posts"}],"about":[{"href":"https:\/\/www.egemtv.com\/index.php?rest_route=\/wp\/v2\/types\/post"}],"author":[{"embeddable":true,"href":"https:\/\/www.egemtv.com\/index.php?rest_route=\/wp\/v2\/users\/1"}],"replies":[{"embeddable":true,"href":"https:\/\/www.egemtv.com\/index.php?rest_route=%2Fwp%2Fv2%2Fcomments&post=75136"}],"version-history":[{"count":1,"href":"https:\/\/www.egemtv.com\/index.php?rest_route=\/wp\/v2\/posts\/75136\/revisions"}],"predecessor-version":[{"id":75138,"href":"https:\/\/www.egemtv.com\/index.php?rest_route=\/wp\/v2\/posts\/75136\/revisions\/75138"}],"wp:featuredmedia":[{"embeddable":true,"href":"https:\/\/www.egemtv.com\/index.php?rest_route=\/wp\/v2\/media\/75137"}],"wp:attachment":[{"href":"https:\/\/www.egemtv.com\/index.php?rest_route=%2Fwp%2Fv2%2Fmedia&parent=75136"}],"wp:term":[{"taxonomy":"category","embeddable":true,"href":"https:\/\/www.egemtv.com\/index.php?rest_route=%2Fwp%2Fv2%2Fcategories&post=75136"},{"taxonomy":"post_tag","embeddable":true,"href":"https:\/\/www.egemtv.com\/index.php?rest_route=%2Fwp%2Fv2%2Ftags&post=75136"}],"curies":[{"name":"wp","href":"https:\/\/api.w.org\/{rel}","templated":true}]}}