{"id":75133,"date":"2025-12-19T10:54:50","date_gmt":"2025-12-19T07:54:50","guid":{"rendered":"https:\/\/www.egemtv.com\/?p=75133"},"modified":"2025-12-19T10:54:50","modified_gmt":"2025-12-19T07:54:50","slug":"kutahyada-ozel-ogrencilerden-anlamli-ziyaret","status":"publish","type":"post","link":"https:\/\/www.egemtv.com\/?p=75133","title":{"rendered":"K\u00fctahya\u2019da \u00f6zel \u00f6\u011frencilerden anlaml\u0131 ziyaret"},"content":{"rendered":"<p>Tav\u015fanl\u0131 \u0130l\u00e7e M\u00fcft\u00fcl\u00fc\u011f\u00fcne ba\u011fl\u0131 Arslanbey \u0130\u015fitme ve G\u00f6rme Engelliler Kur\u2019an Kursu \u00f6\u011frencileri, K\u00fctahya \u0130l M\u00fcft\u00fcl\u00fc\u011f\u00fc b\u00fcnyesinde hizmet veren Semiha G\u00fczel Kur\u2019an Kursu\u2019nu ziyaret etti.<br \/>\n<br \/>Ger\u00e7ekle\u015ftirilen program kapsam\u0131nda \u00f6zel \u00f6\u011frenciler, Ulu Camii, D\u00f6nenler Camii, \u00c7ini M\u00fczesi ile Aile ve Dini Rehberlik Merkezini (ADRM) gezerek K\u00fctahya\u2019n\u0131n manevi ve k\u00fclt\u00fcrel atmosferini yak\u0131ndan tan\u0131ma f\u0131rsat\u0131 buldu.<br \/>\n<br \/>Ziyaret kapsam\u0131nda \u00f6\u011frenciler, K\u00fctahya \u0130l M\u00fcft\u00fcs\u00fc \u0130rfan A\u00e7\u0131k\u2019\u0131 makam\u0131nda ziyaret ederek samimi bir sohbet ger\u00e7ekle\u015ftirdi. \u0130l M\u00fcft\u00fcs\u00fc A\u00e7\u0131k, ziyaretten duydu\u011fu memnuniyeti dile getirerek, her t\u00fcrl\u00fc ihtiya\u00e7lar\u0131nda destek vermeye haz\u0131r olduklar\u0131n\u0131 ifade etti ve bu t\u00fcr anlaml\u0131 bulu\u015fmalar\u0131n devam etmesini temenni etti.<br \/>\n<br \/>Program, misafirlere g\u00fcn\u00fcn an\u0131s\u0131na hediyelerin takdim edilmesiyle sona erdi. Ger\u00e7ekle\u015ftirilen bu g\u00fczel bulu\u015fma, g\u00f6n\u00fcller aras\u0131nda k\u00f6pr\u00fcler kurarak birlik, beraberlik ve karde\u015flik duygular\u0131n\u0131 peki\u015ftirdi.<br \/><\/p>\n","protected":false},"excerpt":{"rendered":"<p>Tav\u015fanl\u0131 \u0130l\u00e7e M\u00fcft\u00fcl\u00fc\u011f\u00fcne ba\u011fl\u0131 Arslanbey \u0130\u015fitme ve G\u00f6rme Engelliler Kur\u2019an Kursu \u00f6\u011frencileri, K\u00fctahya \u0130l M\u00fcft\u00fcl\u00fc\u011f\u00fc b\u00fcnyesinde hizmet veren Semiha G\u00fczel Kur\u2019an Kursu\u2019nu ziyaret etti. Ger\u00e7ekle\u015ftirilen program kapsam\u0131nda \u00f6zel \u00f6\u011frenciler, Ulu Camii, D\u00f6nenler Camii, \u00c7ini M\u00fczesi ile Aile ve Dini Rehberlik Merkezini (ADRM) gezerek K\u00fctahya\u2019n\u0131n manevi ve k\u00fclt\u00fcrel atmosferini yak\u0131ndan tan\u0131ma f\u0131rsat\u0131 buldu. Ziyaret kapsam\u0131nda \u00f6\u011frenciler,&#8230;<\/p>\n","protected":false},"author":1,"featured_media":75134,"comment_status":"open","ping_status":"open","sticky":false,"template":"","format":"standard","meta":{"_crdt_document":"","footnotes":""},"categories":[123],"tags":[],"class_list":["post-75133","post","type-post","status-publish","format-standard","has-post-thumbnail","hentry","category-gundem"],"_links":{"self":[{"href":"https:\/\/www.egemtv.com\/index.php?rest_route=\/wp\/v2\/posts\/75133","targetHints":{"allow":["GET"]}}],"collection":[{"href":"https:\/\/www.egemtv.com\/index.php?rest_route=\/wp\/v2\/posts"}],"about":[{"href":"https:\/\/www.egemtv.com\/index.php?rest_route=\/wp\/v2\/types\/post"}],"author":[{"embeddable":true,"href":"https:\/\/www.egemtv.com\/index.php?rest_route=\/wp\/v2\/users\/1"}],"replies":[{"embeddable":true,"href":"https:\/\/www.egemtv.com\/index.php?rest_route=%2Fwp%2Fv2%2Fcomments&post=75133"}],"version-history":[{"count":1,"href":"https:\/\/www.egemtv.com\/index.php?rest_route=\/wp\/v2\/posts\/75133\/revisions"}],"predecessor-version":[{"id":75135,"href":"https:\/\/www.egemtv.com\/index.php?rest_route=\/wp\/v2\/posts\/75133\/revisions\/75135"}],"wp:featuredmedia":[{"embeddable":true,"href":"https:\/\/www.egemtv.com\/index.php?rest_route=\/wp\/v2\/media\/75134"}],"wp:attachment":[{"href":"https:\/\/www.egemtv.com\/index.php?rest_route=%2Fwp%2Fv2%2Fmedia&parent=75133"}],"wp:term":[{"taxonomy":"category","embeddable":true,"href":"https:\/\/www.egemtv.com\/index.php?rest_route=%2Fwp%2Fv2%2Fcategories&post=75133"},{"taxonomy":"post_tag","embeddable":true,"href":"https:\/\/www.egemtv.com\/index.php?rest_route=%2Fwp%2Fv2%2Ftags&post=75133"}],"curies":[{"name":"wp","href":"https:\/\/api.w.org\/{rel}","templated":true}]}}