{"id":75091,"date":"2025-12-19T09:54:47","date_gmt":"2025-12-19T06:54:47","guid":{"rendered":"https:\/\/www.egemtv.com\/?p=75091"},"modified":"2025-12-19T09:54:47","modified_gmt":"2025-12-19T06:54:47","slug":"datca-pazarinin-degismeyen-yuzu-oldu","status":"publish","type":"post","link":"https:\/\/www.egemtv.com\/?p=75091","title":{"rendered":"Dat\u00e7a Pazar\u0131\u2019n\u0131n de\u011fi\u015fmeyen y\u00fcz\u00fc oldu"},"content":{"rendered":"<p>Mu\u011fla\u2019n\u0131n Dat\u00e7a il\u00e7esindeki semt pazar\u0131nda tezgah a\u00e7an esnaflar aras\u0131nda yer alan 63 ya\u015f\u0131ndaki \u0130smail Tonka, 33 y\u0131ld\u0131r Dat\u00e7a Pazar\u0131\u2019n\u0131n de\u011fi\u015fmeyen y\u00fczleri aras\u0131nda bulunuyor.<\/p>\n<p>Dat\u00e7a il\u00e7esinde 1992 y\u0131l\u0131ndan bu yana her Cumartesi g\u00fcn\u00fc pazarda tezgah a\u00e7an \u0130smail Tonka, pazar\u0131n kalabal\u0131\u011f\u0131 i\u00e7inde diki\u015f makinesinin sesiyle tan\u0131n\u0131yor. Diki\u015f makinesi ile vatanda\u015flar\u0131n diki\u015f, tadilat ve tamir i\u015flerini yapan Tonka, Dat\u00e7a Pazar\u0131\u2019nda s\u00fcreklili\u011fi temsil eden esnaflardan biri olarak dikkat \u00e7ekiyor. 1974 y\u0131l\u0131nda \u00e7\u0131rakl\u0131k yaparak ba\u015flad\u0131\u011f\u0131 mesle\u011fine 1992 y\u0131l\u0131na kadar devam ettiren ve sonras\u0131nda ise pazarc\u0131l\u0131\u011fa y\u00f6nelen Tonka, son 15 y\u0131ld\u0131r da mesai arkada\u015f\u0131 olan diki\u015f makinesi ile \u00e7al\u0131\u015fmalar\u0131n\u0131 s\u00fcrd\u00fcr\u00fcyor.<\/p>\n<p>Her hafta Tavas\u2019tan Dat\u00e7a\u2019ya<br \/>\n<br \/>Denizli\u2019nin Tavas il\u00e7esinde ya\u015fayan Tonka, yaz k\u0131\u015f demeden her Cumartesi sabah\u0131 Dat\u00e7a\u2019ya geldi\u011fini belirterek, &#8220;Denizli\u2019nin Tavas il\u00e7esinden geliyorum. Mesle\u011fi 1974 y\u0131l\u0131nda \u00e7\u0131rakl\u0131k yaparak \u00f6\u011frendim. 1992 y\u0131l\u0131ndan beri Dat\u00e7a Pazar\u0131\u2019na geliyorum. Bu mesle\u011fi ise yakla\u015f\u0131k 15 senedir yap\u0131yorum, daha \u00f6ncesinde normal pazarc\u0131l\u0131k yapt\u0131m. Hava \u015fartlar\u0131 ne olursa olsun tezgah\u0131m\u0131 kuruyorum. G\u00fcn boyunca \u00e7al\u0131\u015farak vatanda\u015flar\u0131n g\u00fcnl\u00fck ihtiya\u00e7lar\u0131na \u00e7\u00f6z\u00fcm sunuyorum. Yapt\u0131\u011f\u0131m i\u015fi seviyorum ve memnunum. Sa\u011f olsunlar vatanda\u015flar da bizden memnun. Bu \u015fekilde gitti\u011fi yere kadar mesle\u011fimi s\u00fcrd\u00fcrmeye ve vatanda\u015flara yard\u0131mc\u0131 olmaya devam edece\u011fim&#8221; dedi.<br \/><\/p>\n","protected":false},"excerpt":{"rendered":"<p>Mu\u011fla\u2019n\u0131n Dat\u00e7a il\u00e7esindeki semt pazar\u0131nda tezgah a\u00e7an esnaflar aras\u0131nda yer alan 63 ya\u015f\u0131ndaki \u0130smail Tonka, 33 y\u0131ld\u0131r Dat\u00e7a Pazar\u0131\u2019n\u0131n de\u011fi\u015fmeyen y\u00fczleri aras\u0131nda bulunuyor. Dat\u00e7a il\u00e7esinde 1992 y\u0131l\u0131ndan bu yana her Cumartesi g\u00fcn\u00fc pazarda tezgah a\u00e7an \u0130smail Tonka, pazar\u0131n kalabal\u0131\u011f\u0131 i\u00e7inde diki\u015f makinesinin sesiyle tan\u0131n\u0131yor. Diki\u015f makinesi ile vatanda\u015flar\u0131n diki\u015f, tadilat ve tamir i\u015flerini yapan Tonka,&#8230;<\/p>\n","protected":false},"author":1,"featured_media":75092,"comment_status":"open","ping_status":"open","sticky":false,"template":"","format":"standard","meta":{"_crdt_document":"","footnotes":""},"categories":[1],"tags":[],"class_list":["post-75091","post","type-post","status-publish","format-standard","has-post-thumbnail","hentry","category-guncel"],"_links":{"self":[{"href":"https:\/\/www.egemtv.com\/index.php?rest_route=\/wp\/v2\/posts\/75091","targetHints":{"allow":["GET"]}}],"collection":[{"href":"https:\/\/www.egemtv.com\/index.php?rest_route=\/wp\/v2\/posts"}],"about":[{"href":"https:\/\/www.egemtv.com\/index.php?rest_route=\/wp\/v2\/types\/post"}],"author":[{"embeddable":true,"href":"https:\/\/www.egemtv.com\/index.php?rest_route=\/wp\/v2\/users\/1"}],"replies":[{"embeddable":true,"href":"https:\/\/www.egemtv.com\/index.php?rest_route=%2Fwp%2Fv2%2Fcomments&post=75091"}],"version-history":[{"count":1,"href":"https:\/\/www.egemtv.com\/index.php?rest_route=\/wp\/v2\/posts\/75091\/revisions"}],"predecessor-version":[{"id":75093,"href":"https:\/\/www.egemtv.com\/index.php?rest_route=\/wp\/v2\/posts\/75091\/revisions\/75093"}],"wp:featuredmedia":[{"embeddable":true,"href":"https:\/\/www.egemtv.com\/index.php?rest_route=\/wp\/v2\/media\/75092"}],"wp:attachment":[{"href":"https:\/\/www.egemtv.com\/index.php?rest_route=%2Fwp%2Fv2%2Fmedia&parent=75091"}],"wp:term":[{"taxonomy":"category","embeddable":true,"href":"https:\/\/www.egemtv.com\/index.php?rest_route=%2Fwp%2Fv2%2Fcategories&post=75091"},{"taxonomy":"post_tag","embeddable":true,"href":"https:\/\/www.egemtv.com\/index.php?rest_route=%2Fwp%2Fv2%2Ftags&post=75091"}],"curies":[{"name":"wp","href":"https:\/\/api.w.org\/{rel}","templated":true}]}}