{"id":75082,"date":"2025-12-19T09:54:45","date_gmt":"2025-12-19T06:54:45","guid":{"rendered":"https:\/\/www.egemtv.com\/?p=75082"},"modified":"2025-12-19T09:54:45","modified_gmt":"2025-12-19T06:54:45","slug":"koycegizde-yerli-uretim-milli-guc-konulu-sergi-acildi","status":"publish","type":"post","link":"https:\/\/www.egemtv.com\/?p=75082","title":{"rendered":"K\u00f6yce\u011fiz\u2019de \u2018Yerli \u00dcretim Milli G\u00fc\u00e7\u2019 konulu sergi a\u00e7\u0131ld\u0131"},"content":{"rendered":"<p>Mu\u011fla\u2019n\u0131n K\u00f6yce\u011fiz il\u00e7esinde &#8220;Tutum, Yat\u0131r\u0131m ve T\u00fcrk Mallar\u0131 Haftas\u0131&#8221; kapsam\u0131nda d\u00fczenlenen &#8220;Yerli \u00dcretim, Milli G\u00fc\u00e7-Okulum \u00dcretiyor, \u00dclkem Kazan\u0131yor&#8221; sergisi \u00d6\u011fretmen Evi \u00f6n\u00fcnde a\u00e7\u0131ld\u0131.<\/p>\n<p>Mu\u011fla Milli E\u011fitim M\u00fcd\u00fcr\u00fc Emre \u00c7ay, K\u00f6yce\u011fiz Kaymakam\u0131 Mert Kumcu ve K\u00f6yce\u011fiz \u0130l\u00e7e Milli E\u011fitim M\u00fcd\u00fcr\u00fc Taner \u015een taraf\u0131ndan serginin a\u00e7\u0131l\u0131\u015f\u0131 ger\u00e7ekle\u015ftirildi. Her y\u0131l 12-18 Aral\u0131k tarihleri aras\u0131nda \u00fclke genelinde, yerli ve milli \u00fcretimin \u00f6nemine dikkat \u00e7ekmek, bu bilin\u00e7le \u00fclke ekonomisine katk\u0131 sunan bireyler yeti\u015ftirmek amac\u0131yla Tutum, Yat\u0131r\u0131m ve T\u00fcrk Mallar\u0131 Haftas\u0131 okullarda \u00e7e\u015fitli etkinliklerle kutlanmaktad\u0131r. Bu anlay\u0131\u015f do\u011frultusunda; T\u00fcrkiye Y\u00fczy\u0131l\u0131 Maarif Modeli\u2019nin de\u011fer temelli e\u011fitim yakla\u015f\u0131m\u0131 \u00e7er\u00e7evesinde, \u00f6\u011frencilerin \u00fcretkenlik becerilerini geli\u015ftirmeleri, mesleki emeklerinin toplumsal kar\u015f\u0131l\u0131\u011f\u0131n\u0131 g\u00f6rmeleri ve milli \u00fcretime katk\u0131 sa\u011flayan bireyler olarak yeti\u015fmeleri amac\u0131yla K\u00f6yce\u011fiz\u2019de bulunan mesleki ve teknik orta\u00f6\u011fretim kurumlar\u0131 taraf\u0131ndan &#8220;Yerli \u00dcretim, Milli G\u00fc\u00e7-Okulum \u00dcretiyor, \u00dclkem Kazan\u0131yor&#8221; konulu sergi haz\u0131rland\u0131. Okullar taraf\u0131ndan yerli ve milli \u00fcretim bilincini peki\u015ftirmek amac\u0131yla haz\u0131rlanan, emek ve \u00f6zverinin \u00fcr\u00fcn\u00fc olan \u00e7al\u0131\u015fmalar stantlarda sergilenerek yak\u0131ndan incelendi. Eme\u011fi ge\u00e7en t\u00fcm y\u00f6netici, \u00f6\u011fretmen ve \u00f6\u011frencilere te\u015fekk\u00fcr edilerek; yerli \u00fcretimi merkeze alan bu anlaml\u0131 \u00e7al\u0131\u015fmalar\u0131n artarak devam etmesi dile\u011finde bulunuldu.<br \/><\/p>\n","protected":false},"excerpt":{"rendered":"<p>Mu\u011fla\u2019n\u0131n K\u00f6yce\u011fiz il\u00e7esinde &#8220;Tutum, Yat\u0131r\u0131m ve T\u00fcrk Mallar\u0131 Haftas\u0131&#8221; kapsam\u0131nda d\u00fczenlenen &#8220;Yerli \u00dcretim, Milli G\u00fc\u00e7-Okulum \u00dcretiyor, \u00dclkem Kazan\u0131yor&#8221; sergisi \u00d6\u011fretmen Evi \u00f6n\u00fcnde a\u00e7\u0131ld\u0131. Mu\u011fla Milli E\u011fitim M\u00fcd\u00fcr\u00fc Emre \u00c7ay, K\u00f6yce\u011fiz Kaymakam\u0131 Mert Kumcu ve K\u00f6yce\u011fiz \u0130l\u00e7e Milli E\u011fitim M\u00fcd\u00fcr\u00fc Taner \u015een taraf\u0131ndan serginin a\u00e7\u0131l\u0131\u015f\u0131 ger\u00e7ekle\u015ftirildi. Her y\u0131l 12-18 Aral\u0131k tarihleri aras\u0131nda \u00fclke genelinde, yerli ve&#8230;<\/p>\n","protected":false},"author":1,"featured_media":75083,"comment_status":"open","ping_status":"open","sticky":false,"template":"","format":"standard","meta":{"_crdt_document":"","footnotes":""},"categories":[1],"tags":[],"class_list":["post-75082","post","type-post","status-publish","format-standard","has-post-thumbnail","hentry","category-guncel"],"_links":{"self":[{"href":"https:\/\/www.egemtv.com\/index.php?rest_route=\/wp\/v2\/posts\/75082","targetHints":{"allow":["GET"]}}],"collection":[{"href":"https:\/\/www.egemtv.com\/index.php?rest_route=\/wp\/v2\/posts"}],"about":[{"href":"https:\/\/www.egemtv.com\/index.php?rest_route=\/wp\/v2\/types\/post"}],"author":[{"embeddable":true,"href":"https:\/\/www.egemtv.com\/index.php?rest_route=\/wp\/v2\/users\/1"}],"replies":[{"embeddable":true,"href":"https:\/\/www.egemtv.com\/index.php?rest_route=%2Fwp%2Fv2%2Fcomments&post=75082"}],"version-history":[{"count":1,"href":"https:\/\/www.egemtv.com\/index.php?rest_route=\/wp\/v2\/posts\/75082\/revisions"}],"predecessor-version":[{"id":75084,"href":"https:\/\/www.egemtv.com\/index.php?rest_route=\/wp\/v2\/posts\/75082\/revisions\/75084"}],"wp:featuredmedia":[{"embeddable":true,"href":"https:\/\/www.egemtv.com\/index.php?rest_route=\/wp\/v2\/media\/75083"}],"wp:attachment":[{"href":"https:\/\/www.egemtv.com\/index.php?rest_route=%2Fwp%2Fv2%2Fmedia&parent=75082"}],"wp:term":[{"taxonomy":"category","embeddable":true,"href":"https:\/\/www.egemtv.com\/index.php?rest_route=%2Fwp%2Fv2%2Fcategories&post=75082"},{"taxonomy":"post_tag","embeddable":true,"href":"https:\/\/www.egemtv.com\/index.php?rest_route=%2Fwp%2Fv2%2Ftags&post=75082"}],"curies":[{"name":"wp","href":"https:\/\/api.w.org\/{rel}","templated":true}]}}