{"id":75022,"date":"2025-12-18T14:54:54","date_gmt":"2025-12-18T11:54:54","guid":{"rendered":"https:\/\/www.egemtv.com\/?p=75022"},"modified":"2025-12-18T14:54:55","modified_gmt":"2025-12-18T11:54:55","slug":"11-girisimcilik-ve-liderlik-programi-is-dunyasinin-profesyonellerini-genclerle-bulusturdu","status":"publish","type":"post","link":"https:\/\/www.egemtv.com\/?p=75022","title":{"rendered":"11. Giri\u015fimcilik ve Liderlik Program\u0131 i\u015f d\u00fcnyas\u0131n\u0131n profesyonellerini gen\u00e7lerle bulu\u015fturdu"},"content":{"rendered":"<p>Pamukkale \u00dcniversitesi (PA\u00dc) \u0130ktisadi ve \u0130dari Bilimler Fak\u00fcltesi (\u0130\u0130BF) ve PA\u00dc \u0130\u015fletme Toplulu\u011fu koordinasyonunda Sad\u0131k Grup ana sponsorlu\u011funda bu y\u0131l 11\u2019incisi d\u00fczenlenen \u0130\u015f D\u00fcnyas\u0131nda Hedef: Giri\u015fimcilik ve Liderlik Program\u0131 birbirinden \u00f6nemli isimleri a\u011f\u0131rlad\u0131.<\/p>\n<p>PA\u00dc Prof. Dr. H\u00fcseyin Y\u0131lmaz Kongre ve K\u00fclt\u00fcr Merkezi\u2019nde yap\u0131lan etkinli\u011fin a\u00e7\u0131l\u0131\u015f program\u0131na Rekt\u00f6r Prof. Dr. Mahmud G\u00fcng\u00f6r, Rekt\u00f6r Yard\u0131mc\u0131lar\u0131, dekanlar, akademisyenler ve \u00f6\u011frenciler kat\u0131ld\u0131.<br \/>\n<br \/>Program\u0131n a\u00e7\u0131l\u0131\u015f\u0131nda konu\u015fma yapan PA\u00dc \u0130\u015fletme Toplulu\u011fu Dan\u0131\u015fman\u0131 Do\u00e7. Dr. Yeliz Mohan Bursal\u0131 ve Topluluk Ba\u015fkan\u0131 Cemile \u00c7evik birlikte yapt\u0131klar\u0131 konu\u015fmada her sene sekt\u00f6r\u00fcnde bir numara olan dev firmalar\u0131n ve kamu sekt\u00f6r\u00fcn\u00fcn \u00fcst d\u00fczey y\u00f6neticilerini Pamukkale \u00dcniversitesi ve Denizli halk\u0131 ile bir araya getirmenin hakl\u0131 gururunu ya\u015fad\u0131klar\u0131n\u0131 ifade ederek etkinli\u011fin d\u00fczenlenmesine eme\u011fi ge\u00e7en ba\u015fta etkinli\u011fin ana sponsoru olan Sad\u0131k Grup Y\u00f6netim Kurulu Ba\u015fkan Yard\u0131mc\u0131s\u0131 Oktay Mersin olmak \u00fczere herkese te\u015fekk\u00fcrlerini sundu.<\/p>\n<p>Mersin: &#8220;\u0130\u015f d\u00fcnyas\u0131nda ba\u015far\u0131 art\u0131k sadece bilgi ile de\u011fil vizyonla cesaretle ve de\u011fi\u015fime uyum sa\u011flayabilme becerisi ile m\u00fcmk\u00fcnd\u00fcr.&#8221;<br \/>\n<br \/>Etkinli\u011fin a\u00e7\u0131l\u0131\u015f\u0131nda konu\u015fmas\u0131na &#8220;\u0130mkans\u0131za ula\u015fman\u0131n yolu onun m\u00fcmk\u00fcn oldu\u011funa inanmakt\u0131r.&#8221; s\u00f6z\u00fcn\u00fc hat\u0131rlatarak ba\u015flayan Sad\u0131k Grup Y\u00f6netim Kurulu Ba\u015fkan Yard\u0131mc\u0131s\u0131 Oktay Mersin, \u015funlar\u0131 ifade etti:<br \/>\n<br \/>&#8220;Bu etkinli\u011fin ana konusu olan giri\u015fimcili\u011fin ve liderli\u011fin temelini \u00e7ok net anlatan bu s\u00f6z ile ba\u015flad\u0131m \u00e7\u00fcnk\u00fc her ba\u015far\u0131 bir inan\u00e7la ba\u015flar. Bug\u00fcn bu salonda farkl\u0131 deneyimlere sahip \u00e7ok de\u011ferli konuklar\u0131m\u0131z var. Eminim ki siz sevgili gen\u00e7ler buradan yaln\u0131zca bilgi ile de\u011fil ilhamla yeni bak\u0131\u015f a\u00e7\u0131s\u0131 ile ayr\u0131lacaks\u0131n\u0131z. \u0130\u015f d\u00fcnyas\u0131nda ba\u015far\u0131 art\u0131k sadece bilgi ile de\u011fil vizyonla, cesaretle ve de\u011fi\u015fime uyum sa\u011flayabilme becerisi ile m\u00fcmk\u00fcnd\u00fcr. Giri\u015fimcilik f\u0131rsatlar\u0131 g\u00f6rmeyi, risk almay\u0131 ve de\u011fer \u00fcretebilmeyle liderlik ise bu vizyonu payla\u015fabilmek ve insanlar\u0131 pe\u015finden s\u00fcr\u00fckleyebilmektir. Bu de\u011fi\u015fimin merkezinde ise bug\u00fcn dijital d\u00f6n\u00fc\u015f\u00fcm ve yapay zek\u00e2 bulunmaktad\u0131r. \u00d6zel sekt\u00f6r fikirleri \u00fcr\u00fcne d\u00f6n\u00fc\u015ft\u00fcr\u00fcr, kamu kurumlar\u0131 ise g\u00fcvenli ve adil bir \u00e7izer. \u00dcniversiteler ise gelece\u011fin insan kayna\u011f\u0131n\u0131 yeti\u015ftirir. Bu \u00fc\u00e7 yap\u0131 uyum i\u00e7inde \u00e7al\u0131\u015ft\u0131\u011f\u0131nda kazanan sadece kurumlar de\u011fil toplumun tamam\u0131 olur. Do\u011fru ili\u015fkiler kuruldu\u011funda ve ortak ak\u0131l devreye girdi\u011finde s\u0131n\u0131rlar yaln\u0131zca haritalarda kal\u0131r. D\u00fcnya \u00e7ok h\u0131zl\u0131 de\u011fi\u015fiyor ve bu de\u011fi\u015fim hem deneyimli i\u015f insanlar\u0131n\u0131 hem de yolun ba\u015f\u0131ndaki gen\u00e7leri ayn\u0131 noktada bulu\u015fturuyor. Bug\u00fcn bir fikri olan bir \u00f6\u011frenci ile y\u0131llar\u0131n tecr\u00fcbesine sahip bir i\u015f insan\u0131 ayn\u0131 masada gelece\u011fi konu\u015fabiliyor. \u00d6\u011frenmeye, geli\u015fmeye ve kendimizi yenilemeye devam etmezsek bu h\u0131z\u0131n gerisinde kalmam\u0131z ka\u00e7\u0131n\u0131lmazd\u0131r. \u00dcniversite y\u0131llar\u0131 sadece bir meslek edinme s\u00fcreci de\u011fil ayn\u0131 zamanda soru sorman\u0131n denemenin ve ba\u015fka t\u00fcrl\u00fc olabilir mi demenin de d\u00f6nemidir. Giri\u015fimcilik de tam olarak bu noktada ba\u015flar. Bu etkinli\u011fin \u00f6zel sekt\u00f6r-\u00fcniversite i\u015f birli\u011fi \u00f6rne\u011fi oldu\u011funa inan\u0131yorum. De\u011fer temelli y\u00f6netim nas\u0131l an\u0131lmak istedi\u011finizi belirler. Biz Sad\u0131k Grup olarak bu organizasyonu y\u0131llard\u0131r desteklemekten b\u00fcy\u00fck onur duyuyoruz. Bug\u00fcnk\u00fc etkinli\u011fimizin hepimiz i\u00e7in ilham verici ve yol g\u00f6sterici olmas\u0131n\u0131 diliyor, eme\u011fi ge\u00e7en herkese te\u015fekk\u00fcr ediyorum.&#8221;<\/p>\n<p>Sad\u0131k Grup Y\u00f6netim Kurulu Ba\u015fkan Yard\u0131mc\u0131s\u0131 Oktay Mersin\u2019e destekleri ve katk\u0131lar\u0131ndan dolay\u0131 Rekt\u00f6r Prof. Dr. Mahmud G\u00fcng\u00f6r taraf\u0131ndan plaket takdim edildi.<br \/>\n<br \/>A\u00e7\u0131l\u0131\u015f konu\u015fmalar\u0131n\u0131n ard\u0131ndan program ESAS Holding Y\u00f6netim Kurulu Ba\u015fkan Vekili Emine Sabanc\u0131 Kam\u0131\u015fl\u0131, Microsoft T\u00fcrkiye Kurumsal \u00c7\u00f6z\u00fcmler Genel M\u00fcd\u00fcr Yard\u0131mc\u0131s\u0131 C\u00fcneyt Batmaz, T\u00dcS\u0130AD Y\u00f6netim Kurulu Ba\u015fkan\u0131 ve ODE Yal\u0131t\u0131m A\u015e Y\u00f6netim Kurulu Ba\u015fkan\u0131 Orhan Turan ve T\u00fcrkiye Cumhuriyeti Merkez Bankas\u0131 Ba\u015fkan Yard\u0131mc\u0131s\u0131 Dr. Osman Cevdet Ak\u00e7ay\u2019\u0131n sunumlar\u0131 ile devam etti.<br \/><\/p>\n","protected":false},"excerpt":{"rendered":"<p>Pamukkale \u00dcniversitesi (PA\u00dc) \u0130ktisadi ve \u0130dari Bilimler Fak\u00fcltesi (\u0130\u0130BF) ve PA\u00dc \u0130\u015fletme Toplulu\u011fu koordinasyonunda Sad\u0131k Grup ana sponsorlu\u011funda bu y\u0131l 11\u2019incisi d\u00fczenlenen \u0130\u015f D\u00fcnyas\u0131nda Hedef: Giri\u015fimcilik ve Liderlik Program\u0131 birbirinden \u00f6nemli isimleri a\u011f\u0131rlad\u0131. PA\u00dc Prof. Dr. H\u00fcseyin Y\u0131lmaz Kongre ve K\u00fclt\u00fcr Merkezi\u2019nde yap\u0131lan etkinli\u011fin a\u00e7\u0131l\u0131\u015f program\u0131na Rekt\u00f6r Prof. Dr. Mahmud G\u00fcng\u00f6r, Rekt\u00f6r Yard\u0131mc\u0131lar\u0131, dekanlar, akademisyenler&#8230;<\/p>\n","protected":false},"author":1,"featured_media":75023,"comment_status":"open","ping_status":"open","sticky":false,"template":"","format":"standard","meta":{"_crdt_document":"","footnotes":""},"categories":[1],"tags":[],"class_list":["post-75022","post","type-post","status-publish","format-standard","has-post-thumbnail","hentry","category-guncel"],"_links":{"self":[{"href":"https:\/\/www.egemtv.com\/index.php?rest_route=\/wp\/v2\/posts\/75022","targetHints":{"allow":["GET"]}}],"collection":[{"href":"https:\/\/www.egemtv.com\/index.php?rest_route=\/wp\/v2\/posts"}],"about":[{"href":"https:\/\/www.egemtv.com\/index.php?rest_route=\/wp\/v2\/types\/post"}],"author":[{"embeddable":true,"href":"https:\/\/www.egemtv.com\/index.php?rest_route=\/wp\/v2\/users\/1"}],"replies":[{"embeddable":true,"href":"https:\/\/www.egemtv.com\/index.php?rest_route=%2Fwp%2Fv2%2Fcomments&post=75022"}],"version-history":[{"count":1,"href":"https:\/\/www.egemtv.com\/index.php?rest_route=\/wp\/v2\/posts\/75022\/revisions"}],"predecessor-version":[{"id":75024,"href":"https:\/\/www.egemtv.com\/index.php?rest_route=\/wp\/v2\/posts\/75022\/revisions\/75024"}],"wp:featuredmedia":[{"embeddable":true,"href":"https:\/\/www.egemtv.com\/index.php?rest_route=\/wp\/v2\/media\/75023"}],"wp:attachment":[{"href":"https:\/\/www.egemtv.com\/index.php?rest_route=%2Fwp%2Fv2%2Fmedia&parent=75022"}],"wp:term":[{"taxonomy":"category","embeddable":true,"href":"https:\/\/www.egemtv.com\/index.php?rest_route=%2Fwp%2Fv2%2Fcategories&post=75022"},{"taxonomy":"post_tag","embeddable":true,"href":"https:\/\/www.egemtv.com\/index.php?rest_route=%2Fwp%2Fv2%2Ftags&post=75022"}],"curies":[{"name":"wp","href":"https:\/\/api.w.org\/{rel}","templated":true}]}}