{"id":75016,"date":"2025-12-18T14:54:53","date_gmt":"2025-12-18T11:54:53","guid":{"rendered":"https:\/\/www.egemtv.com\/?p=75016"},"modified":"2025-12-18T14:54:53","modified_gmt":"2025-12-18T11:54:53","slug":"usak-universitesi-kariyer-gunu25-ogrencileri-profesyonellerle-bulusturdu","status":"publish","type":"post","link":"https:\/\/www.egemtv.com\/?p=75016","title":{"rendered":"U\u015fak \u00dcniversitesi Kariyer G\u00fcn\u00fc\u201925 \u00f6\u011frencileri profesyonellerle bulu\u015fturdu"},"content":{"rendered":"<p>U\u015fak \u00dcniversitesi Mezunlar Ofisi ve Kariyer Geli\u015ftirme Koordinat\u00f6rl\u00fc\u011f\u00fc taraf\u0131ndan d\u00fczenlenen i\u015f, staj ve kariyer f\u0131rsatlar\u0131 i\u00e7in \u00f6\u011frenciler ve firmalar\u0131 bir araya getiren Kariyer G\u00fcn\u00fc\u201925, ger\u00e7ekle\u015ftirildi.<\/p>\n<p>Recep Tayyip Erdo\u011fan Kongre ve K\u00fclt\u00fcr Merkezi ile Mustafa Kemal Pa\u015fa Amfisinde yap\u0131lan etkinlikler \u00f6\u011frencilerimiz taraf\u0131ndan yo\u011fun ilgiyle kar\u015f\u0131land\u0131.<\/p>\n<p>T\u00fcm g\u00fcn boyunca s\u00fcren ve 35\u2019ten fazla firman\u0131n kat\u0131ld\u0131\u011f\u0131 Kariyer Fuar\u0131nda, \u00f6\u011frenciler sekt\u00f6r temsilcileri ile bir araya geldi.  \u00d6\u011frenciler ve mezunlar bu firmalar\u0131n stantlar\u0131n\u0131 ziyaret ederek, i\u015f ve staj f\u0131rsatlar\u0131 hakk\u0131nda bilgi ald\u0131. \u00d6\u011frenciler ayr\u0131ca Kariyer G\u00fcn\u00fc\u201925 etkinlikleri kapsam\u0131nda ger\u00e7ekle\u015ftirilen \u2018Kariyer Zirvesi\u2019 paneli ve t\u00fcm g\u00fcn s\u00fcren \u00f6zel oturumlarla sekt\u00f6r profesyonellerinin deneyimlerini dinleme f\u0131rsat\u0131 buldular.<br \/>\n<br \/>Rekt\u00f6r Prof. Dr. Ahmet Demir, Rekt\u00f6r Yard\u0131mc\u0131s\u0131 Prof. Dr. Kenan Ta\u015f, Mezunlar Ofisi ve Kariyer Geli\u015ftirme Koordinat\u00f6r\u00fc Dr. \u00d6\u011fr. \u00dcyesi Do\u011fan Hatun, Koordinat\u00f6r\u00fc Yard\u0131mc\u0131lar\u0131 Ara\u015ft\u0131rma G\u00f6revlisi Mustafa Yasin Aslan ve \u00d6\u011fretim G\u00f6revlisi \u015e\u00fckr\u00fc Macun, Recep Tayyip Erdo\u011fan Kongre ve K\u00fclt\u00fcr Merkezi fuaye alan\u0131ndaki firma stantlar\u0131n\u0131 ziyaret ederek \u00e7al\u0131\u015fma alanlar\u0131 hakk\u0131nda bilgi ald\u0131 ve kat\u0131l\u0131mlar\u0131ndan dolay\u0131 te\u015fekk\u00fcr etti.<\/p>\n<p>Kariyer Zirvesi ve \u00d6zel Oturumlar Ger\u00e7ekle\u015ftirildi<br \/>\n<br \/>Recep Tayyip Erdo\u011fan Kongre ve K\u00fclt\u00fcr Merkezi b\u00fcy\u00fck salonda d\u00fczenlenen \u2018Kariyer Zirvesi\u2019nde konu\u015fan U\u015fak \u00dcniversitesi Rekt\u00f6r\u00fc Prof. Dr. Ahmet Demir, \u00f6\u011frencilerle bir araya gelmekten mutlu oldu\u011funu belirtirken etkinli\u011fi d\u00fczenleyen Mezunlar Ofisi ve Kariyer Geli\u015ftirme Koordinat\u00f6rl\u00fc\u011f\u00fcne te\u015fekk\u00fcr etti. Rekt\u00f6r Prof. Dr. Demir, bu tip bulu\u015fmalar\u0131n \u00f6\u011frenciler i\u00e7in \u00f6nemine dikkati \u00e7ekti.<\/p>\n<p>Kariyer Zirvesi kapsam\u0131nda Rateks Y\u00f6netim Kurulu \u00dcyesi Ahmet G\u00fcnta\u015f &#8220;Bir Giri\u015fimcilik Hikayesi&#8221; ba\u015fl\u0131kl\u0131 bir sunum yapt\u0131. G\u00fcnta\u015f, sunumunda k\u0131saca kendisinden bahsedip kariyer yolculu\u011fundaki ini\u015f-\u00e7\u0131k\u0131\u015flar\u0131 \u00f6rneklerle anlatt\u0131. Kendi giri\u015fimcilik hikayesi \u00fczerinden gen\u00e7lere bilgiler veren G\u00fcnta\u015f, kariyer planlamas\u0131nda dikkat edilmesi gerekenlerden kriz y\u00f6netimine kadar geni\u015f bir alanda gen\u00e7leri bilgilendirip kat\u0131l\u0131mc\u0131lardan gelen sorular\u0131 yan\u0131tlad\u0131.<br \/>\n<br \/>Etkinli\u011fe \u00e7evrimi\u00e7i olarak kat\u0131lan hava yollar\u0131 insan kaynaklar\u0131 ekibi, kurumda i\u015f, staj ve kariyer f\u0131rsatlar\u0131 hakk\u0131nda bilgi verdi.<br \/>\n<br \/>Kariyer G\u00fcn\u00fc\u201925 kapsam\u0131nda d\u00fczenlenen \u00f6zel oturumda U\u015fak \u00dcniversitesi mezunu K\u0131demli Bak\u0131m M\u00fchendisi Nilay Yurt\u00f6ren, tecr\u00fcbelerini payla\u015ft\u0131. Yurt\u00f6ren; \u00f6\u011frenci s\u0131ralar\u0131ndan ba\u015flayarak pozisyonuna uzanan ba\u015far\u0131 hik\u00e2yesini dinleyicilerle payla\u015ft\u0131. U\u015fak \u00dcniversitesi\u2019nde ald\u0131\u011f\u0131 e\u011fitimin kariyer yolculu\u011fundaki belirleyici rol\u00fcne dikkat \u00e7eken Nilay Yurt\u00f6ren, azim ve s\u00fcrekli geli\u015fimin meslek hayat\u0131ndaki \u00f6nemini vurgulad\u0131. Yurt\u00f6ren; konu\u015fmas\u0131nda ayr\u0131ca d\u00f6n\u00fc\u015ft\u00fcr\u00fclebilir enerji sistemlerine odaklanarak gen\u00e7 m\u00fchendislere gelece\u011fin enerji alanlar\u0131nda cesur ad\u0131mlar atmalar\u0131 y\u00f6n\u00fcnde ilham verdi.<\/p>\n<p>CV ve M\u00fclakat Tekniklerine Y\u00f6nelik Bilgilendirme<br \/>\n<br \/>Ayr\u0131ca program boyunca \u0130\u015eKUR ba\u015fta olmak \u00fczere kat\u0131l\u0131mc\u0131 firmalar ile \u00f6\u011frencileri bir araya getiren \u00f6zel oturumlar ger\u00e7ekle\u015ftirildi. Bu oturumlarda \u0130K profesyonelleri \u00f6\u011frencilere etkili CV haz\u0131rlamadan m\u00fclakat tekniklerine kadar geni\u015f bir perspektifte ufuk a\u00e7an sunumlar yapt\u0131lar.<\/p>\n<p>G\u00fcn boyu s\u00fcren Kariyer G\u00fcn\u00fc\u201925, \u00f6\u011frencilerden yo\u011fun ilgi g\u00f6rd\u00fc. Etkinli\u011fe kat\u0131lan \u00f6\u011frenciler, organizasyonun kariyer planlamalar\u0131na \u00f6nemli katk\u0131lar sa\u011flad\u0131\u011f\u0131n\u0131 ifade etti. Firmalarla birebir ileti\u015fim kurma imk\u00e2n\u0131 bulan \u00f6\u011frenciler, bu sayede sekt\u00f6rleri daha yak\u0131ndan tan\u0131ma f\u0131rsat\u0131 elde ettiklerini belirtti. \u00d6zellikle CV haz\u0131rlama ve m\u00fclakat tekniklerine ili\u015fkin payla\u015f\u0131lan bilgilerin kendileri i\u00e7in yol g\u00f6sterici oldu\u011funu vurgulad\u0131lar.<\/p>\n<p>Kariyer G\u00fcn\u00fc kapsam\u0131nda, staj ve i\u015f olanaklar\u0131 hakk\u0131nda firma y\u00f6neticilerinden do\u011frudan bilgi alman\u0131n b\u00fcy\u00fck \u00f6nem ta\u015f\u0131d\u0131\u011f\u0131n\u0131 dile getiren kat\u0131l\u0131mc\u0131lar, bu t\u00fcr etkinliklerin sa\u011fl\u0131kl\u0131 ve bilin\u00e7li bir kariyer plan\u0131 olu\u015fturmada rehber niteli\u011finde oldu\u011funu ifade etti.<br \/><\/p>\n","protected":false},"excerpt":{"rendered":"<p>U\u015fak \u00dcniversitesi Mezunlar Ofisi ve Kariyer Geli\u015ftirme Koordinat\u00f6rl\u00fc\u011f\u00fc taraf\u0131ndan d\u00fczenlenen i\u015f, staj ve kariyer f\u0131rsatlar\u0131 i\u00e7in \u00f6\u011frenciler ve firmalar\u0131 bir araya getiren Kariyer G\u00fcn\u00fc\u201925, ger\u00e7ekle\u015ftirildi. Recep Tayyip Erdo\u011fan Kongre ve K\u00fclt\u00fcr Merkezi ile Mustafa Kemal Pa\u015fa Amfisinde yap\u0131lan etkinlikler \u00f6\u011frencilerimiz taraf\u0131ndan yo\u011fun ilgiyle kar\u015f\u0131land\u0131. T\u00fcm g\u00fcn boyunca s\u00fcren ve 35\u2019ten fazla firman\u0131n kat\u0131ld\u0131\u011f\u0131 Kariyer Fuar\u0131nda,&#8230;<\/p>\n","protected":false},"author":1,"featured_media":75017,"comment_status":"open","ping_status":"open","sticky":false,"template":"","format":"standard","meta":{"_crdt_document":"","footnotes":""},"categories":[1],"tags":[],"class_list":["post-75016","post","type-post","status-publish","format-standard","has-post-thumbnail","hentry","category-guncel"],"_links":{"self":[{"href":"https:\/\/www.egemtv.com\/index.php?rest_route=\/wp\/v2\/posts\/75016","targetHints":{"allow":["GET"]}}],"collection":[{"href":"https:\/\/www.egemtv.com\/index.php?rest_route=\/wp\/v2\/posts"}],"about":[{"href":"https:\/\/www.egemtv.com\/index.php?rest_route=\/wp\/v2\/types\/post"}],"author":[{"embeddable":true,"href":"https:\/\/www.egemtv.com\/index.php?rest_route=\/wp\/v2\/users\/1"}],"replies":[{"embeddable":true,"href":"https:\/\/www.egemtv.com\/index.php?rest_route=%2Fwp%2Fv2%2Fcomments&post=75016"}],"version-history":[{"count":1,"href":"https:\/\/www.egemtv.com\/index.php?rest_route=\/wp\/v2\/posts\/75016\/revisions"}],"predecessor-version":[{"id":75018,"href":"https:\/\/www.egemtv.com\/index.php?rest_route=\/wp\/v2\/posts\/75016\/revisions\/75018"}],"wp:featuredmedia":[{"embeddable":true,"href":"https:\/\/www.egemtv.com\/index.php?rest_route=\/wp\/v2\/media\/75017"}],"wp:attachment":[{"href":"https:\/\/www.egemtv.com\/index.php?rest_route=%2Fwp%2Fv2%2Fmedia&parent=75016"}],"wp:term":[{"taxonomy":"category","embeddable":true,"href":"https:\/\/www.egemtv.com\/index.php?rest_route=%2Fwp%2Fv2%2Fcategories&post=75016"},{"taxonomy":"post_tag","embeddable":true,"href":"https:\/\/www.egemtv.com\/index.php?rest_route=%2Fwp%2Fv2%2Ftags&post=75016"}],"curies":[{"name":"wp","href":"https:\/\/api.w.org\/{rel}","templated":true}]}}