{"id":75013,"date":"2025-12-18T14:54:52","date_gmt":"2025-12-18T11:54:52","guid":{"rendered":"https:\/\/www.egemtv.com\/?p=75013"},"modified":"2025-12-18T14:54:52","modified_gmt":"2025-12-18T11:54:52","slug":"vatandasin-ucretsiz-kullandigi-otopark-kapatildi","status":"publish","type":"post","link":"https:\/\/www.egemtv.com\/?p=75013","title":{"rendered":"Vatanda\u015f\u0131n \u00fccretsiz kulland\u0131\u011f\u0131 otopark kapat\u0131ld\u0131"},"content":{"rendered":"<p>Ayd\u0131n\u2019da uzun s\u00fcren tart\u0131\u015fmalar\u0131n ard\u0131ndan kurulu\u015funu tamamlayarak 23 May\u0131s 2006 g\u00fcn\u00fc a\u00e7\u0131l\u0131\u015f\u0131 yap\u0131lan Tesco Kipa Al\u0131\u015fveri\u015f Merkezi, Ayd\u0131n halk\u0131n\u0131n kullan\u0131m\u0131na a\u00e7t\u0131\u011f\u0131 otopark\u0131 kapatt\u0131. A\u00e7\u0131lmadan \u00f6nce \u015fehirdeki otopark sorununa \u00e7\u00f6z\u00fcm vaadinde bulunan Tesco Kipa\u2019n\u0131n otopark\u0131 kendi tapulu m\u00fclk\u00fc oldu\u011fu gerek\u00e7esi ile kapatt\u0131\u011f\u0131 belirtildi.<br \/>\n<br \/>D\u00f6nemin Ayd\u0131n Belediye Ba\u015fkan\u0131 Merhum \u0130lhami Ortekin d\u00f6neminde 2006 y\u0131l\u0131nda Cumhuriyet Mahallesi\u2019ndeki Tari\u015f alan\u0131na kurulan ve 2006 y\u0131l\u0131nda a\u00e7\u0131l\u0131\u015f\u0131 yap\u0131lan Tesco Kipa\u2019n\u0131n hem arkas\u0131nda hem de \u00f6n taraf\u0131nda bulunan 2 ayr\u0131 otopark Ayd\u0131n halk\u0131n\u0131 kullan\u0131m\u0131na \u00fccretsiz olarak sunulmu\u015ftu. Kipa, \u00f6nce al\u0131\u015f veri\u015f merkezinin \u00f6n\u00fcndeki otopark\u0131 gece saatlerinde halk\u0131n kullan\u0131m\u0131na kapatt\u0131. Ard\u0131ndan \u015fimdi de al\u0131\u015fveri\u015f merkezinin arka k\u0131sm\u0131nda yer alan ve yakla\u015f\u0131k 20 y\u0131ld\u0131r \u00fccretsiz olarak Ayd\u0131n halk\u0131n\u0131n kullan\u0131m\u0131nda olan Nevzat Bi\u00e7er Park\u0131\u2019ndaki otopark da demir korkuluklarla kapat\u0131larak halk\u0131n kullan\u0131m\u0131na kapat\u0131ld\u0131.<br \/>\n<br \/>Ayd\u0131n Efeler Belediye Ba\u015fkan\u0131 An\u0131l Yeti\u015fkin, 2006 d\u00f6neminde a\u00e7\u0131l\u0131\u015f\u0131 yap\u0131lan Kipa otoparklar\u0131n\u0131n Ayd\u0131n halk\u0131n\u0131n \u00fccretsiz kullan\u0131m\u0131na a\u00e7\u0131k tutulaca\u011f\u0131 y\u00f6n\u00fcnde s\u00f6zle\u015fme olup olmad\u0131\u011f\u0131n\u0131 bilmedi\u011fini ve konuyla ilgili ara\u015ft\u0131rma yapaca\u011f\u0131n\u0131 belirterek ilgili kurumun otopark\u0131 &#8220;\u00f6zel m\u00fclkiyet&#8221; hakk\u0131 kapsam\u0131nda kapatt\u0131\u011f\u0131n\u0131 belirtti.<br \/>\n<br \/>Kipa\u2019n\u0131n otoparklar\u0131 kapatmas\u0131n\u0131n ard\u0131ndan Ayd\u0131n\u2019da had safhada olan otopark s\u0131k\u0131nt\u0131s\u0131 daha da artt\u0131.<br \/>\n<br \/>Kipa\u2019n\u0131n a\u00e7\u0131l\u0131\u015f\u0131n\u0131n ard\u0131ndan 10 May\u0131s 2008 g\u00fcn\u00fc bas\u0131n toplant\u0131s\u0131 d\u00fczenleyen Kipa Ayd\u0131n y\u00f6netimi, Ayd\u0131n\u2019a kar\u015f\u0131 olan sosyal sorumluluklar\u0131n\u0131 unutmad\u0131klar\u0131n\u0131 belirterek Ayd\u0131nl\u0131lar\u0131n hayat\u0131n\u0131 kolayla\u015ft\u0131rmak istediklerini belirtmi\u015flerdi. Ma\u011faza M\u00fcd\u00fcr\u00fc Cahit Ko\u00e7 ve M\u00fc\u015fteri Hizmetleri M\u00fcd\u00fcr\u00fc Arzu G\u00fcrer, Kipa\u2019da Ayd\u0131n\u2019a \u00f6zel yerli \u00fcr\u00fcnler stand\u0131 kurmay\u0131, s\u00fcrekli sosyal sorumluluk projeleri y\u00fcr\u00fcteceklerini ve otoparklar\u0131 ile de Ayd\u0131n halk\u0131na \u00fccretsiz hizmet vereceklerini vadetmi\u015flerdi.<br \/><\/p>\n","protected":false},"excerpt":{"rendered":"<p>Ayd\u0131n\u2019da uzun s\u00fcren tart\u0131\u015fmalar\u0131n ard\u0131ndan kurulu\u015funu tamamlayarak 23 May\u0131s 2006 g\u00fcn\u00fc a\u00e7\u0131l\u0131\u015f\u0131 yap\u0131lan Tesco Kipa Al\u0131\u015fveri\u015f Merkezi, Ayd\u0131n halk\u0131n\u0131n kullan\u0131m\u0131na a\u00e7t\u0131\u011f\u0131 otopark\u0131 kapatt\u0131. A\u00e7\u0131lmadan \u00f6nce \u015fehirdeki otopark sorununa \u00e7\u00f6z\u00fcm vaadinde bulunan Tesco Kipa\u2019n\u0131n otopark\u0131 kendi tapulu m\u00fclk\u00fc oldu\u011fu gerek\u00e7esi ile kapatt\u0131\u011f\u0131 belirtildi. D\u00f6nemin Ayd\u0131n Belediye Ba\u015fkan\u0131 Merhum \u0130lhami Ortekin d\u00f6neminde 2006 y\u0131l\u0131nda Cumhuriyet Mahallesi\u2019ndeki Tari\u015f&#8230;<\/p>\n","protected":false},"author":1,"featured_media":75014,"comment_status":"open","ping_status":"open","sticky":false,"template":"","format":"standard","meta":{"_crdt_document":"","footnotes":""},"categories":[1],"tags":[],"class_list":["post-75013","post","type-post","status-publish","format-standard","has-post-thumbnail","hentry","category-guncel"],"_links":{"self":[{"href":"https:\/\/www.egemtv.com\/index.php?rest_route=\/wp\/v2\/posts\/75013","targetHints":{"allow":["GET"]}}],"collection":[{"href":"https:\/\/www.egemtv.com\/index.php?rest_route=\/wp\/v2\/posts"}],"about":[{"href":"https:\/\/www.egemtv.com\/index.php?rest_route=\/wp\/v2\/types\/post"}],"author":[{"embeddable":true,"href":"https:\/\/www.egemtv.com\/index.php?rest_route=\/wp\/v2\/users\/1"}],"replies":[{"embeddable":true,"href":"https:\/\/www.egemtv.com\/index.php?rest_route=%2Fwp%2Fv2%2Fcomments&post=75013"}],"version-history":[{"count":1,"href":"https:\/\/www.egemtv.com\/index.php?rest_route=\/wp\/v2\/posts\/75013\/revisions"}],"predecessor-version":[{"id":75015,"href":"https:\/\/www.egemtv.com\/index.php?rest_route=\/wp\/v2\/posts\/75013\/revisions\/75015"}],"wp:featuredmedia":[{"embeddable":true,"href":"https:\/\/www.egemtv.com\/index.php?rest_route=\/wp\/v2\/media\/75014"}],"wp:attachment":[{"href":"https:\/\/www.egemtv.com\/index.php?rest_route=%2Fwp%2Fv2%2Fmedia&parent=75013"}],"wp:term":[{"taxonomy":"category","embeddable":true,"href":"https:\/\/www.egemtv.com\/index.php?rest_route=%2Fwp%2Fv2%2Fcategories&post=75013"},{"taxonomy":"post_tag","embeddable":true,"href":"https:\/\/www.egemtv.com\/index.php?rest_route=%2Fwp%2Fv2%2Ftags&post=75013"}],"curies":[{"name":"wp","href":"https:\/\/api.w.org\/{rel}","templated":true}]}}