{"id":74995,"date":"2025-12-18T13:35:03","date_gmt":"2025-12-18T10:35:03","guid":{"rendered":"https:\/\/www.egemtv.com\/?p=74995"},"modified":"2025-12-18T13:35:04","modified_gmt":"2025-12-18T10:35:04","slug":"nufus-mudurlerine-hizmet-kalitesini-yukseltme-egitimi-verildi","status":"publish","type":"post","link":"https:\/\/www.egemtv.com\/?p=74995","title":{"rendered":"N\u00fcfus M\u00fcd\u00fcrlerine &#8220;Hizmet Kalitesini Y\u00fckseltme&#8221; e\u011fitimi verildi"},"content":{"rendered":"<p>Mu\u011fla \u0130l N\u00fcfus ve Vatanda\u015fl\u0131k M\u00fcd\u00fcrl\u00fc\u011f\u00fc taraf\u0131ndan, 13 il\u00e7e n\u00fcfus m\u00fcd\u00fcr\u00fcne y\u00f6nelik hizmet i\u00e7i e\u011fitim toplant\u0131s\u0131 d\u00fczenlendi.<\/p>\n<p>Mu\u011fla Valili\u011fi \u00d6zer T\u00fcrk Toplant\u0131 Salonu\u2019nda ger\u00e7ekle\u015ftirilen toplant\u0131, \u0130l N\u00fcfus ve Vatanda\u015fl\u0131k M\u00fcd\u00fcr\u00fc Utku Candan ba\u015fkanl\u0131\u011f\u0131nda yap\u0131ld\u0131. Toplant\u0131da, 2025 y\u0131l\u0131n\u0131n genel de\u011ferlendirmesi de ele al\u0131nd\u0131. E\u011fitim kapsam\u0131nda, pasaport, s\u00fcr\u00fcc\u00fc belgesi ve T.C. kimlik kart\u0131 i\u015flemleri ile vatanda\u015flara sunulan hizmetlerin mevcut durumu de\u011ferlendirildi. Ayr\u0131ca, verilen hizmet kalitesinin art\u0131r\u0131lmas\u0131 ve personelin \u00e7al\u0131\u015fma \u015fartlar\u0131n\u0131n iyile\u015ftirilmesine y\u00f6nelik konular g\u00f6r\u00fc\u015f\u00fcld\u00fc.<br \/>\n<br \/>Mu\u011fla Valili\u011fi Yat\u0131r\u0131m \u0130zleme ve Koordinasyon Ba\u015fkanl\u0131\u011f\u0131 Toplant\u0131 Salonu\u2019nda d\u00fczenlenen bir di\u011fer toplant\u0131da ise evlendirme memurlar\u0131 ve n\u00fcfus m\u00fcd\u00fcrlerine y\u00f6nelik hizmet i\u00e7i e\u011fitim verildi. Toplant\u0131da, evlendirme y\u00f6netmeli\u011fi ve ilgili mevzuat hakk\u0131nda bilgilendirme yap\u0131ld\u0131. \u0130l N\u00fcfus ve Vatanda\u015fl\u0131k M\u00fcd\u00fcr\u00fc Utku Candan taraf\u0131ndan verilen e\u011fitimde, uygulamada kar\u015f\u0131la\u015f\u0131lan eksikliklerin giderilmesi ama\u00e7land\u0131. E\u011fitim kapsam\u0131nda Evlendirme Y\u00f6netmeli\u011fi\u2019nin yan\u0131 s\u0131ra T\u00fcrk Medeni Kanunu, T\u00fcrk Ceza Kanunu, Umumi H\u0131fz\u0131ss\u0131hha Kanunu, evlendirme memurlar\u0131na ili\u015fkin genelge ve talimatlar ile N\u00fcfus Hizmetleri Kanunu ele al\u0131nd\u0131.<br \/><\/p>\n","protected":false},"excerpt":{"rendered":"<p>Mu\u011fla \u0130l N\u00fcfus ve Vatanda\u015fl\u0131k M\u00fcd\u00fcrl\u00fc\u011f\u00fc taraf\u0131ndan, 13 il\u00e7e n\u00fcfus m\u00fcd\u00fcr\u00fcne y\u00f6nelik hizmet i\u00e7i e\u011fitim toplant\u0131s\u0131 d\u00fczenlendi. Mu\u011fla Valili\u011fi \u00d6zer T\u00fcrk Toplant\u0131 Salonu\u2019nda ger\u00e7ekle\u015ftirilen toplant\u0131, \u0130l N\u00fcfus ve Vatanda\u015fl\u0131k M\u00fcd\u00fcr\u00fc Utku Candan ba\u015fkanl\u0131\u011f\u0131nda yap\u0131ld\u0131. Toplant\u0131da, 2025 y\u0131l\u0131n\u0131n genel de\u011ferlendirmesi de ele al\u0131nd\u0131. E\u011fitim kapsam\u0131nda, pasaport, s\u00fcr\u00fcc\u00fc belgesi ve T.C. kimlik kart\u0131 i\u015flemleri ile vatanda\u015flara sunulan&#8230;<\/p>\n","protected":false},"author":1,"featured_media":74996,"comment_status":"open","ping_status":"open","sticky":false,"template":"","format":"standard","meta":{"_crdt_document":"","footnotes":""},"categories":[1],"tags":[],"class_list":["post-74995","post","type-post","status-publish","format-standard","has-post-thumbnail","hentry","category-guncel"],"_links":{"self":[{"href":"https:\/\/www.egemtv.com\/index.php?rest_route=\/wp\/v2\/posts\/74995","targetHints":{"allow":["GET"]}}],"collection":[{"href":"https:\/\/www.egemtv.com\/index.php?rest_route=\/wp\/v2\/posts"}],"about":[{"href":"https:\/\/www.egemtv.com\/index.php?rest_route=\/wp\/v2\/types\/post"}],"author":[{"embeddable":true,"href":"https:\/\/www.egemtv.com\/index.php?rest_route=\/wp\/v2\/users\/1"}],"replies":[{"embeddable":true,"href":"https:\/\/www.egemtv.com\/index.php?rest_route=%2Fwp%2Fv2%2Fcomments&post=74995"}],"version-history":[{"count":1,"href":"https:\/\/www.egemtv.com\/index.php?rest_route=\/wp\/v2\/posts\/74995\/revisions"}],"predecessor-version":[{"id":74997,"href":"https:\/\/www.egemtv.com\/index.php?rest_route=\/wp\/v2\/posts\/74995\/revisions\/74997"}],"wp:featuredmedia":[{"embeddable":true,"href":"https:\/\/www.egemtv.com\/index.php?rest_route=\/wp\/v2\/media\/74996"}],"wp:attachment":[{"href":"https:\/\/www.egemtv.com\/index.php?rest_route=%2Fwp%2Fv2%2Fmedia&parent=74995"}],"wp:term":[{"taxonomy":"category","embeddable":true,"href":"https:\/\/www.egemtv.com\/index.php?rest_route=%2Fwp%2Fv2%2Fcategories&post=74995"},{"taxonomy":"post_tag","embeddable":true,"href":"https:\/\/www.egemtv.com\/index.php?rest_route=%2Fwp%2Fv2%2Ftags&post=74995"}],"curies":[{"name":"wp","href":"https:\/\/api.w.org\/{rel}","templated":true}]}}