{"id":74992,"date":"2025-12-18T13:35:02","date_gmt":"2025-12-18T10:35:02","guid":{"rendered":"https:\/\/www.egemtv.com\/?p=74992"},"modified":"2025-12-18T13:35:03","modified_gmt":"2025-12-18T10:35:03","slug":"kaymakam-kan-ve-baskan-tetik-veteriner-klinigi-acilisina-katildi","status":"publish","type":"post","link":"https:\/\/www.egemtv.com\/?p=74992","title":{"rendered":"Kaymakam Kan ve Ba\u015fkan Tetik, Veteriner Klini\u011fi a\u00e7\u0131l\u0131\u015f\u0131na kat\u0131ld\u0131"},"content":{"rendered":"<p>Nazilli\u2019de 13 y\u0131ld\u0131r Veteriner Hekim olarak hizmet veren Tevfik Koray K\u00fcn, son teknoloji ile donatt\u0131\u011f\u0131 klini\u011finin kap\u0131lar\u0131n\u0131 Kaymakam Kan, Ba\u015fkan Tetik ve dostlar\u0131 ile birlikte a\u00e7t\u0131.<\/p>\n<p>Yo\u011fun kat\u0131l\u0131mla ger\u00e7ekle\u015fen a\u00e7\u0131l\u0131\u015f t\u00f6reninde gen\u00e7 ve ba\u015far\u0131l\u0131 Veteriner Hekim Tevfik Koray K\u00fcn\u2019\u00fc yaln\u0131z b\u0131rakmayan il\u00e7e protokol \u00fcyeleri ve dostlar\u0131, gen\u00e7 hekime ba\u015far\u0131lar diledi. A\u00e7\u0131l\u0131\u015fa; Nazilli Kaymakam\u0131 Huriye K\u00fcpeli Kan, Nazilli Belediye Ba\u015fkan\u0131 Dr.Ertu\u011frul Tetik, MHP Ayd\u0131n \u0130l Ba\u015fkan\u0131 Haluk Al\u0131c\u0131k, Nazilli \u0130l\u00e7e Emniyet M\u00fcd\u00fcr\u00fc Erdal Esen, K\u00fcn ailesi ve yak\u0131nlar\u0131, il\u00e7ede g\u00f6rev yapan veteriner hekimler, \u00e7ok say\u0131da davetli ve hayvansever kat\u0131ld\u0131.<\/p>\n<p>Dualar\u0131n ard\u0131ndan protokol \u00fcyeleri ve aile taraf\u0131ndan a\u00e7\u0131l\u0131\u015f kurdelesi birlikte kesildi. Protokol \u00fcyeleri ve davetliler daha sonra klini\u011fi gezerek sunulan hizmetler hakk\u0131nda bilgi ald\u0131. Nazilli\u2019de yakla\u015f\u0131k 13 y\u0131ld\u0131r veterinerlik hizmeti sunan Veteriner Hekim Tevfik Koray K\u00fcn; &#8220;Tek amac\u0131m\u0131z; bilimsel, etik ve g\u00fcncel veteriner hekimlik uygulamalar\u0131n\u0131 temel alarak, her hayvana bireysel, sayg\u0131l\u0131 ve \u00f6zenli bir yakla\u015f\u0131m sunmakt\u0131r. Burada yaln\u0131zca hastal\u0131klar\u0131 tedavi etmeyi de\u011fil; \u00f6nleyici hekimli\u011fi, do\u011fru bilgilendirmeyi ve g\u00fcvene dayal\u0131 bir ili\u015fki kurmay\u0131 \u00f6ncelik haline getirdik. Bu do\u011frultuda son teknoloji hemogram, biyokimya ve hormon analizleri, dijital r\u00f6ntgen, di\u015f \u00fcnitesi, ultrason ve yo\u011fun bak\u0131m servisimizle patili dostlar\u0131m\u0131za en iyi imk\u00e2nlar\u0131 sunmak i\u00e7in t\u00fcm ekibimizle hizmetinizdeyiz. Klini\u011fimizin, can dostlar\u0131m\u0131za sa\u011fl\u0131k, sahiplerine huzur ve mesle\u011fimize de\u011fer katmas\u0131n\u0131 diliyorum. Kap\u0131m\u0131z her zaman sevgiye, bilime ve g\u00fcvene a\u00e7\u0131k olacak&#8221; dedi.<\/p>\n<p>Nazilli Belediye Ba\u015fkan\u0131 Dr.Ertu\u011frul Tetik: &#8220;Yeni adresinde hizmet verecek olan klini\u011fin kentimize ve can dostlar\u0131m\u0131za hay\u0131rl\u0131 olmas\u0131n\u0131 diliyor, Veteriner Hekim Tevfik Koray K\u00fcn\u2019e ba\u015far\u0131l\u0131 \u00e7al\u0131\u015fmalar ve bereketli kazan\u00e7lar temenni ediyorum&#8221; dedi.<\/p>\n<p>&#8220;Nazilli i\u00e7in \u00f6nemli bir kazan\u0131m&#8221;<br \/>\n<br \/>Nazilli Kaymakam\u0131 Huriye K\u00fcpeli Kan: &#8220;Nazilli i\u00e7in \u00f6nemli bir kazan\u0131m. Nazilli\u2019mize b\u00f6yle tam donan\u0131ml\u0131 bir veteriner klini\u011fi kazand\u0131rd\u0131\u011f\u0131 i\u00e7in Tevfik Koray K\u00fcn\u2019e, annesine ve t\u00fcm ailesine y\u00fcrekten te\u015fekk\u00fcr ediyorum. Klini\u011fi ba\u015ftan sona gezdim ve \u00e7ok mutlu oldum. \u00c7\u00fcnk\u00fc modern bir klinikte olmas\u0131 gereken her \u015fey d\u00fc\u015f\u00fcn\u00fclm\u00fc\u015f ve uygulanm\u0131\u015f. Art\u0131k sessiz dostlar\u0131m\u0131z, patili canlar\u0131m\u0131z hastaland\u0131klar\u0131nda bu klinikte adeta bir hastane ortam\u0131nda sa\u011fl\u0131k hizmeti alacaklar&#8221; dedi.<br \/><\/p>\n","protected":false},"excerpt":{"rendered":"<p>Nazilli\u2019de 13 y\u0131ld\u0131r Veteriner Hekim olarak hizmet veren Tevfik Koray K\u00fcn, son teknoloji ile donatt\u0131\u011f\u0131 klini\u011finin kap\u0131lar\u0131n\u0131 Kaymakam Kan, Ba\u015fkan Tetik ve dostlar\u0131 ile birlikte a\u00e7t\u0131. Yo\u011fun kat\u0131l\u0131mla ger\u00e7ekle\u015fen a\u00e7\u0131l\u0131\u015f t\u00f6reninde gen\u00e7 ve ba\u015far\u0131l\u0131 Veteriner Hekim Tevfik Koray K\u00fcn\u2019\u00fc yaln\u0131z b\u0131rakmayan il\u00e7e protokol \u00fcyeleri ve dostlar\u0131, gen\u00e7 hekime ba\u015far\u0131lar diledi. A\u00e7\u0131l\u0131\u015fa; Nazilli Kaymakam\u0131 Huriye K\u00fcpeli&#8230;<\/p>\n","protected":false},"author":1,"featured_media":74993,"comment_status":"open","ping_status":"open","sticky":false,"template":"","format":"standard","meta":{"_crdt_document":"","footnotes":""},"categories":[2],"tags":[],"class_list":["post-74992","post","type-post","status-publish","format-standard","has-post-thumbnail","hentry","category-saglik"],"_links":{"self":[{"href":"https:\/\/www.egemtv.com\/index.php?rest_route=\/wp\/v2\/posts\/74992","targetHints":{"allow":["GET"]}}],"collection":[{"href":"https:\/\/www.egemtv.com\/index.php?rest_route=\/wp\/v2\/posts"}],"about":[{"href":"https:\/\/www.egemtv.com\/index.php?rest_route=\/wp\/v2\/types\/post"}],"author":[{"embeddable":true,"href":"https:\/\/www.egemtv.com\/index.php?rest_route=\/wp\/v2\/users\/1"}],"replies":[{"embeddable":true,"href":"https:\/\/www.egemtv.com\/index.php?rest_route=%2Fwp%2Fv2%2Fcomments&post=74992"}],"version-history":[{"count":1,"href":"https:\/\/www.egemtv.com\/index.php?rest_route=\/wp\/v2\/posts\/74992\/revisions"}],"predecessor-version":[{"id":74994,"href":"https:\/\/www.egemtv.com\/index.php?rest_route=\/wp\/v2\/posts\/74992\/revisions\/74994"}],"wp:featuredmedia":[{"embeddable":true,"href":"https:\/\/www.egemtv.com\/index.php?rest_route=\/wp\/v2\/media\/74993"}],"wp:attachment":[{"href":"https:\/\/www.egemtv.com\/index.php?rest_route=%2Fwp%2Fv2%2Fmedia&parent=74992"}],"wp:term":[{"taxonomy":"category","embeddable":true,"href":"https:\/\/www.egemtv.com\/index.php?rest_route=%2Fwp%2Fv2%2Fcategories&post=74992"},{"taxonomy":"post_tag","embeddable":true,"href":"https:\/\/www.egemtv.com\/index.php?rest_route=%2Fwp%2Fv2%2Ftags&post=74992"}],"curies":[{"name":"wp","href":"https:\/\/api.w.org\/{rel}","templated":true}]}}