{"id":74989,"date":"2025-12-18T13:14:54","date_gmt":"2025-12-18T10:14:54","guid":{"rendered":"https:\/\/www.egemtv.com\/?p=74989"},"modified":"2025-12-18T13:14:55","modified_gmt":"2025-12-18T10:14:55","slug":"afyonkarahisarda-asayis-toplantisi","status":"publish","type":"post","link":"https:\/\/www.egemtv.com\/?p=74989","title":{"rendered":"Afyonkarahisar\u2019da asayi\u015f toplant\u0131s\u0131"},"content":{"rendered":"<p>Afyonkarahisar\u2019da ger\u00e7ekle\u015ftirilen asayi\u015f toplant\u0131s\u0131nda \u00f6zellikle trafik kazalar\u0131n\u0131n en aza indirilmesi noktas\u0131nda al\u0131nan k\u0131\u015f tedbirleri masaya yat\u0131r\u0131ld\u0131.<br \/>\n<br \/>Vali Do\u00e7. Dr. K\u00fcbra G\u00fcran Yi\u011fitba\u015f\u0131 ba\u015fkanl\u0131\u011f\u0131nda; Vali Yard\u0131mc\u0131s\u0131 \u0130hsan Ayranc\u0131, \u0130l Jandarma Komutan\u0131 Jandarma Albay Murat Kaya, \u0130l Emniyet M\u00fcd\u00fcr Vekili Emin Top\u00e7u\u2019nun kat\u0131l\u0131m\u0131yla Asayi\u015f Toplant\u0131s\u0131 ger\u00e7ekle\u015ftirildi. Toplant\u0131da kentin huzur ve asayi\u015finin sa\u011flanmas\u0131 noktas\u0131nda yap\u0131lmas\u0131 gereken \u00e7al\u0131\u015fmalar de\u011ferlendirilirken ayn\u0131 zamanda kazalar\u0131n azalt\u0131lmas\u0131 i\u00e7in al\u0131nan k\u0131\u015f tedbirleri de masaya yat\u0131r\u0131ld\u0131.<br \/><\/p>\n","protected":false},"excerpt":{"rendered":"<p>Afyonkarahisar\u2019da ger\u00e7ekle\u015ftirilen asayi\u015f toplant\u0131s\u0131nda \u00f6zellikle trafik kazalar\u0131n\u0131n en aza indirilmesi noktas\u0131nda al\u0131nan k\u0131\u015f tedbirleri masaya yat\u0131r\u0131ld\u0131. Vali Do\u00e7. Dr. K\u00fcbra G\u00fcran Yi\u011fitba\u015f\u0131 ba\u015fkanl\u0131\u011f\u0131nda; Vali Yard\u0131mc\u0131s\u0131 \u0130hsan Ayranc\u0131, \u0130l Jandarma Komutan\u0131 Jandarma Albay Murat Kaya, \u0130l Emniyet M\u00fcd\u00fcr Vekili Emin Top\u00e7u\u2019nun kat\u0131l\u0131m\u0131yla Asayi\u015f Toplant\u0131s\u0131 ger\u00e7ekle\u015ftirildi. Toplant\u0131da kentin huzur ve asayi\u015finin sa\u011flanmas\u0131 noktas\u0131nda yap\u0131lmas\u0131 gereken \u00e7al\u0131\u015fmalar de\u011ferlendirilirken&#8230;<\/p>\n","protected":false},"author":1,"featured_media":74990,"comment_status":"open","ping_status":"open","sticky":false,"template":"","format":"standard","meta":{"_crdt_document":"","footnotes":""},"categories":[5],"tags":[],"class_list":["post-74989","post","type-post","status-publish","format-standard","has-post-thumbnail","hentry","category-asayis"],"_links":{"self":[{"href":"https:\/\/www.egemtv.com\/index.php?rest_route=\/wp\/v2\/posts\/74989","targetHints":{"allow":["GET"]}}],"collection":[{"href":"https:\/\/www.egemtv.com\/index.php?rest_route=\/wp\/v2\/posts"}],"about":[{"href":"https:\/\/www.egemtv.com\/index.php?rest_route=\/wp\/v2\/types\/post"}],"author":[{"embeddable":true,"href":"https:\/\/www.egemtv.com\/index.php?rest_route=\/wp\/v2\/users\/1"}],"replies":[{"embeddable":true,"href":"https:\/\/www.egemtv.com\/index.php?rest_route=%2Fwp%2Fv2%2Fcomments&post=74989"}],"version-history":[{"count":1,"href":"https:\/\/www.egemtv.com\/index.php?rest_route=\/wp\/v2\/posts\/74989\/revisions"}],"predecessor-version":[{"id":74991,"href":"https:\/\/www.egemtv.com\/index.php?rest_route=\/wp\/v2\/posts\/74989\/revisions\/74991"}],"wp:featuredmedia":[{"embeddable":true,"href":"https:\/\/www.egemtv.com\/index.php?rest_route=\/wp\/v2\/media\/74990"}],"wp:attachment":[{"href":"https:\/\/www.egemtv.com\/index.php?rest_route=%2Fwp%2Fv2%2Fmedia&parent=74989"}],"wp:term":[{"taxonomy":"category","embeddable":true,"href":"https:\/\/www.egemtv.com\/index.php?rest_route=%2Fwp%2Fv2%2Fcategories&post=74989"},{"taxonomy":"post_tag","embeddable":true,"href":"https:\/\/www.egemtv.com\/index.php?rest_route=%2Fwp%2Fv2%2Ftags&post=74989"}],"curies":[{"name":"wp","href":"https:\/\/api.w.org\/{rel}","templated":true}]}}