{"id":74986,"date":"2025-12-18T12:54:45","date_gmt":"2025-12-18T09:54:45","guid":{"rendered":"https:\/\/www.egemtv.com\/?p=74986"},"modified":"2025-12-18T12:54:45","modified_gmt":"2025-12-18T09:54:45","slug":"ispartada-kesinlesmis-hapis-cezasiyla-aranan-2-sahis-yakalandi-2","status":"publish","type":"post","link":"https:\/\/www.egemtv.com\/?p=74986","title":{"rendered":"Isparta\u2019da kesinle\u015fmi\u015f hapis cezas\u0131yla aranan 2 \u015fah\u0131s yakaland\u0131"},"content":{"rendered":"<p>Isparta polis ekiplerince yap\u0131lan \u00e7al\u0131\u015fmalarda, uyu\u015fturucu su\u00e7lar\u0131ndan haklar\u0131nda kesinle\u015fmi\u015f hapis cezas\u0131 bulunan 2 \u015fah\u0131s yakalanarak cezaevine g\u00f6nderildi.<br \/>\n<br \/>Isparta Emniyet M\u00fcd\u00fcrl\u00fc\u011f\u00fc Narkotik Su\u00e7larla M\u00fccadele \u015eube M\u00fcd\u00fcrl\u00fc\u011f\u00fc ekiplerince d\u00fcn y\u00fcr\u00fct\u00fclen \u00e7al\u0131\u015fmalar kapsam\u0131nda, uyu\u015fturucu su\u00e7lar\u0131ndan aranan \u015fah\u0131slara y\u00f6nelik operasyon ger\u00e7ekle\u015ftirildi.<br \/>\n<br \/>Yap\u0131lan \u00e7al\u0131\u015fmalarda, &#8220;Uyu\u015fturucu veya uyar\u0131c\u0131 madde ticareti&#8221; su\u00e7undan 15 y\u0131l 7 ay kesinle\u015fmi\u015f hapis cezas\u0131 ile aranan 1 \u015fah\u0131s ile &#8220;Uyu\u015fturucu veya uyar\u0131c\u0131 madde kullanmak&#8221; su\u00e7undan 4 y\u0131l kesinle\u015fmi\u015f hapis cezas\u0131 bulunan 1 \u015fah\u0131s yakaland\u0131. Yakalanan toplam 2 h\u00fck\u00fcml\u00fc, emniyetteki i\u015flemlerinin ard\u0131ndan Ceza \u0130nfaz Kurumuna teslim edildi.<br \/><\/p>\n","protected":false},"excerpt":{"rendered":"<p>Isparta polis ekiplerince yap\u0131lan \u00e7al\u0131\u015fmalarda, uyu\u015fturucu su\u00e7lar\u0131ndan haklar\u0131nda kesinle\u015fmi\u015f hapis cezas\u0131 bulunan 2 \u015fah\u0131s yakalanarak cezaevine g\u00f6nderildi. Isparta Emniyet M\u00fcd\u00fcrl\u00fc\u011f\u00fc Narkotik Su\u00e7larla M\u00fccadele \u015eube M\u00fcd\u00fcrl\u00fc\u011f\u00fc ekiplerince d\u00fcn y\u00fcr\u00fct\u00fclen \u00e7al\u0131\u015fmalar kapsam\u0131nda, uyu\u015fturucu su\u00e7lar\u0131ndan aranan \u015fah\u0131slara y\u00f6nelik operasyon ger\u00e7ekle\u015ftirildi. Yap\u0131lan \u00e7al\u0131\u015fmalarda, &#8220;Uyu\u015fturucu veya uyar\u0131c\u0131 madde ticareti&#8221; su\u00e7undan 15 y\u0131l 7 ay kesinle\u015fmi\u015f hapis cezas\u0131 ile aranan 1&#8230;<\/p>\n","protected":false},"author":1,"featured_media":74987,"comment_status":"open","ping_status":"open","sticky":false,"template":"","format":"standard","meta":{"_crdt_document":"","footnotes":""},"categories":[5],"tags":[],"class_list":["post-74986","post","type-post","status-publish","format-standard","has-post-thumbnail","hentry","category-asayis"],"_links":{"self":[{"href":"https:\/\/www.egemtv.com\/index.php?rest_route=\/wp\/v2\/posts\/74986","targetHints":{"allow":["GET"]}}],"collection":[{"href":"https:\/\/www.egemtv.com\/index.php?rest_route=\/wp\/v2\/posts"}],"about":[{"href":"https:\/\/www.egemtv.com\/index.php?rest_route=\/wp\/v2\/types\/post"}],"author":[{"embeddable":true,"href":"https:\/\/www.egemtv.com\/index.php?rest_route=\/wp\/v2\/users\/1"}],"replies":[{"embeddable":true,"href":"https:\/\/www.egemtv.com\/index.php?rest_route=%2Fwp%2Fv2%2Fcomments&post=74986"}],"version-history":[{"count":1,"href":"https:\/\/www.egemtv.com\/index.php?rest_route=\/wp\/v2\/posts\/74986\/revisions"}],"predecessor-version":[{"id":74988,"href":"https:\/\/www.egemtv.com\/index.php?rest_route=\/wp\/v2\/posts\/74986\/revisions\/74988"}],"wp:featuredmedia":[{"embeddable":true,"href":"https:\/\/www.egemtv.com\/index.php?rest_route=\/wp\/v2\/media\/74987"}],"wp:attachment":[{"href":"https:\/\/www.egemtv.com\/index.php?rest_route=%2Fwp%2Fv2%2Fmedia&parent=74986"}],"wp:term":[{"taxonomy":"category","embeddable":true,"href":"https:\/\/www.egemtv.com\/index.php?rest_route=%2Fwp%2Fv2%2Fcategories&post=74986"},{"taxonomy":"post_tag","embeddable":true,"href":"https:\/\/www.egemtv.com\/index.php?rest_route=%2Fwp%2Fv2%2Ftags&post=74986"}],"curies":[{"name":"wp","href":"https:\/\/api.w.org\/{rel}","templated":true}]}}