{"id":74983,"date":"2025-12-18T12:54:44","date_gmt":"2025-12-18T09:54:44","guid":{"rendered":"https:\/\/www.egemtv.com\/?p=74983"},"modified":"2025-12-18T12:54:45","modified_gmt":"2025-12-18T09:54:45","slug":"manisada-ev-yangini-6-kedi-telef-oldu","status":"publish","type":"post","link":"https:\/\/www.egemtv.com\/?p=74983","title":{"rendered":"Manisa\u2019da ev yang\u0131n\u0131: 6 kedi telef oldu"},"content":{"rendered":"<p>Manisa\u2019n\u0131n \u015eehzadeler il\u00e7esinde \u00e7\u0131kan ev yang\u0131n\u0131nda 6 kedi telef olurken 2 ki\u015fi de dumandan etkilendi.<br \/>\n<br \/>Yang\u0131n, Manisa\u2019n\u0131n \u015eehzadeler il\u00e7esine ba\u011fl\u0131 Yarhasanlar Mahallesi\u2019nde meydana geldi. Edinilen bilgiye g\u00f6re, 5 katl\u0131 apartman\u0131n son kat\u0131nda sabah saatlerinde yang\u0131n \u00e7\u0131kt\u0131. \u00c7evredekilerin haber vermesi \u00fczerine olay yerine \u00e7ok say\u0131da Manisa B\u00fcy\u00fck\u015fehir Belediyesine ba\u011fl\u0131 itfaiye ekibi ile sa\u011fl\u0131k ve polis ekipleri sevk edildi. Ekipler taraf\u0131ndan yang\u0131n s\u00f6nd\u00fcr\u00fcl\u00fcrken evde bulunan Yasemin \u00c7. \u0130le Ay\u015fe \u00c7. dumandan etkilendi. Ekipler taraf\u0131ndan k\u0131sa s\u00fcrede s\u00f6nd\u00fcr\u00fclen yang\u0131nda evde bulunan 6 kedi ise telef oldu.<br \/>\n<br \/>Yang\u0131nla ilgili soru\u015fturma ba\u015flat\u0131ld\u0131.<br \/><\/p>\n","protected":false},"excerpt":{"rendered":"<p>Manisa\u2019n\u0131n \u015eehzadeler il\u00e7esinde \u00e7\u0131kan ev yang\u0131n\u0131nda 6 kedi telef olurken 2 ki\u015fi de dumandan etkilendi. Yang\u0131n, Manisa\u2019n\u0131n \u015eehzadeler il\u00e7esine ba\u011fl\u0131 Yarhasanlar Mahallesi\u2019nde meydana geldi. Edinilen bilgiye g\u00f6re, 5 katl\u0131 apartman\u0131n son kat\u0131nda sabah saatlerinde yang\u0131n \u00e7\u0131kt\u0131. \u00c7evredekilerin haber vermesi \u00fczerine olay yerine \u00e7ok say\u0131da Manisa B\u00fcy\u00fck\u015fehir Belediyesine ba\u011fl\u0131 itfaiye ekibi ile sa\u011fl\u0131k ve polis ekipleri&#8230;<\/p>\n","protected":false},"author":1,"featured_media":74984,"comment_status":"open","ping_status":"open","sticky":false,"template":"","format":"standard","meta":{"_crdt_document":"","footnotes":""},"categories":[5],"tags":[],"class_list":["post-74983","post","type-post","status-publish","format-standard","has-post-thumbnail","hentry","category-asayis"],"_links":{"self":[{"href":"https:\/\/www.egemtv.com\/index.php?rest_route=\/wp\/v2\/posts\/74983","targetHints":{"allow":["GET"]}}],"collection":[{"href":"https:\/\/www.egemtv.com\/index.php?rest_route=\/wp\/v2\/posts"}],"about":[{"href":"https:\/\/www.egemtv.com\/index.php?rest_route=\/wp\/v2\/types\/post"}],"author":[{"embeddable":true,"href":"https:\/\/www.egemtv.com\/index.php?rest_route=\/wp\/v2\/users\/1"}],"replies":[{"embeddable":true,"href":"https:\/\/www.egemtv.com\/index.php?rest_route=%2Fwp%2Fv2%2Fcomments&post=74983"}],"version-history":[{"count":1,"href":"https:\/\/www.egemtv.com\/index.php?rest_route=\/wp\/v2\/posts\/74983\/revisions"}],"predecessor-version":[{"id":74985,"href":"https:\/\/www.egemtv.com\/index.php?rest_route=\/wp\/v2\/posts\/74983\/revisions\/74985"}],"wp:featuredmedia":[{"embeddable":true,"href":"https:\/\/www.egemtv.com\/index.php?rest_route=\/wp\/v2\/media\/74984"}],"wp:attachment":[{"href":"https:\/\/www.egemtv.com\/index.php?rest_route=%2Fwp%2Fv2%2Fmedia&parent=74983"}],"wp:term":[{"taxonomy":"category","embeddable":true,"href":"https:\/\/www.egemtv.com\/index.php?rest_route=%2Fwp%2Fv2%2Fcategories&post=74983"},{"taxonomy":"post_tag","embeddable":true,"href":"https:\/\/www.egemtv.com\/index.php?rest_route=%2Fwp%2Fv2%2Ftags&post=74983"}],"curies":[{"name":"wp","href":"https:\/\/api.w.org\/{rel}","templated":true}]}}