{"id":74980,"date":"2025-12-18T12:54:44","date_gmt":"2025-12-18T09:54:44","guid":{"rendered":"https:\/\/www.egemtv.com\/?p=74980"},"modified":"2025-12-18T12:54:44","modified_gmt":"2025-12-18T09:54:44","slug":"5-katli-binanin-cati-katindaki-yangin-korkuttu","status":"publish","type":"post","link":"https:\/\/www.egemtv.com\/?p=74980","title":{"rendered":"5 katl\u0131 binan\u0131n \u00e7at\u0131 kat\u0131ndaki yang\u0131n korkuttu"},"content":{"rendered":"<p>Afyonkarahisar\u2019da 5 katl\u0131 bir binan\u0131n \u00e7at\u0131 kat\u0131nda \u00e7\u0131kan yang\u0131n b\u00fcy\u00fck pani\u011fe neden oldu.<br \/>\n<br \/>Olay, Sand\u0131kl\u0131 il\u00e7esi \u015eirinevler Mahallesi Yunusemre Bulvar\u0131 \u00fczerinde bulunan 5 katl\u0131 binan\u0131n \u00e7at\u0131 kat\u0131nda \u00e7\u0131kt\u0131. Binan\u0131n \u00e7at\u0131 kat\u0131nda dumanlar\u0131n \u00e7\u0131kt\u0131\u011f\u0131n fark eden \u00e7evredeki vatanda\u015flar durumu Sand\u0131kl\u0131 itfaiye ekiplerine bildirdi. K\u0131sa s\u00fcrede olay yerine itfaiye ve polis ekipleri sevk edildi. \u00c7at\u0131da bulunan asans\u00f6r motorundan \u00e7\u0131kt\u0131\u011f\u0131 tahmin edilen yang\u0131na m\u00fcdahale eden itfaiye ekipleri yakla\u015f\u0131k yar\u0131m saat s\u00fcren \u00e7al\u0131\u015fma ile yang\u0131n\u0131 kontrol alt\u0131na alarak s\u00f6nd\u00fcrd\u00fc. Yang\u0131nda \u00e7at\u0131 kat\u0131n\u0131n alt\u0131ndaki dairelerin bo\u015f olmas\u0131 nedeniyle yaralan ve dumandan etkilenenin olmad\u0131\u011f\u0131 bildirildi.<br \/><\/p>\n","protected":false},"excerpt":{"rendered":"<p>Afyonkarahisar\u2019da 5 katl\u0131 bir binan\u0131n \u00e7at\u0131 kat\u0131nda \u00e7\u0131kan yang\u0131n b\u00fcy\u00fck pani\u011fe neden oldu. Olay, Sand\u0131kl\u0131 il\u00e7esi \u015eirinevler Mahallesi Yunusemre Bulvar\u0131 \u00fczerinde bulunan 5 katl\u0131 binan\u0131n \u00e7at\u0131 kat\u0131nda \u00e7\u0131kt\u0131. Binan\u0131n \u00e7at\u0131 kat\u0131nda dumanlar\u0131n \u00e7\u0131kt\u0131\u011f\u0131n fark eden \u00e7evredeki vatanda\u015flar durumu Sand\u0131kl\u0131 itfaiye ekiplerine bildirdi. K\u0131sa s\u00fcrede olay yerine itfaiye ve polis ekipleri sevk edildi. \u00c7at\u0131da bulunan asans\u00f6r&#8230;<\/p>\n","protected":false},"author":1,"featured_media":74981,"comment_status":"open","ping_status":"open","sticky":false,"template":"","format":"standard","meta":{"_crdt_document":"","footnotes":""},"categories":[5],"tags":[],"class_list":["post-74980","post","type-post","status-publish","format-standard","has-post-thumbnail","hentry","category-asayis"],"_links":{"self":[{"href":"https:\/\/www.egemtv.com\/index.php?rest_route=\/wp\/v2\/posts\/74980","targetHints":{"allow":["GET"]}}],"collection":[{"href":"https:\/\/www.egemtv.com\/index.php?rest_route=\/wp\/v2\/posts"}],"about":[{"href":"https:\/\/www.egemtv.com\/index.php?rest_route=\/wp\/v2\/types\/post"}],"author":[{"embeddable":true,"href":"https:\/\/www.egemtv.com\/index.php?rest_route=\/wp\/v2\/users\/1"}],"replies":[{"embeddable":true,"href":"https:\/\/www.egemtv.com\/index.php?rest_route=%2Fwp%2Fv2%2Fcomments&post=74980"}],"version-history":[{"count":1,"href":"https:\/\/www.egemtv.com\/index.php?rest_route=\/wp\/v2\/posts\/74980\/revisions"}],"predecessor-version":[{"id":74982,"href":"https:\/\/www.egemtv.com\/index.php?rest_route=\/wp\/v2\/posts\/74980\/revisions\/74982"}],"wp:featuredmedia":[{"embeddable":true,"href":"https:\/\/www.egemtv.com\/index.php?rest_route=\/wp\/v2\/media\/74981"}],"wp:attachment":[{"href":"https:\/\/www.egemtv.com\/index.php?rest_route=%2Fwp%2Fv2%2Fmedia&parent=74980"}],"wp:term":[{"taxonomy":"category","embeddable":true,"href":"https:\/\/www.egemtv.com\/index.php?rest_route=%2Fwp%2Fv2%2Fcategories&post=74980"},{"taxonomy":"post_tag","embeddable":true,"href":"https:\/\/www.egemtv.com\/index.php?rest_route=%2Fwp%2Fv2%2Ftags&post=74980"}],"curies":[{"name":"wp","href":"https:\/\/api.w.org\/{rel}","templated":true}]}}