{"id":74974,"date":"2025-12-18T12:34:54","date_gmt":"2025-12-18T09:34:54","guid":{"rendered":"https:\/\/www.egemtv.com\/?p=74974"},"modified":"2025-12-18T12:34:55","modified_gmt":"2025-12-18T09:34:55","slug":"cografi-isaretli-aydin-enginarinda-yilin-ilk-hasadi-yapildi","status":"publish","type":"post","link":"https:\/\/www.egemtv.com\/?p=74974","title":{"rendered":"Co\u011frafi \u0130\u015faretli Ayd\u0131n Enginar\u0131\u2019nda y\u0131l\u0131n ilk hasad\u0131 yap\u0131ld\u0131"},"content":{"rendered":"<p>Ayd\u0131n\u2019da co\u011frafi i\u015faret tesciline sahip Ayd\u0131n Enginar\u0131\u2019nda y\u0131l\u0131n ilk hasad\u0131 ger\u00e7ekle\u015ftirildi.<\/p>\n<p>Enginar \u00fcretiminde T\u00fcrkiye\u2019nin y\u00fczde 42\u2019lik ihtiyac\u0131na cevap veren Ayd\u0131n\u2019da, enginar sezonu a\u00e7\u0131ld\u0131. Ayd\u0131n\u2019\u0131n enginar \u00fcss\u00fc olarak bilinen Efeler il\u00e7esi G\u00f6lhisar Mahallesi ba\u015fta olmak \u00fczere il genelindeki enginar tarlalar\u0131nda da hareketlilik ba\u015flarken, y\u0131l\u0131n ilk enginar hasad\u0131 ger\u00e7ekle\u015ftirildi. Efeler il\u00e7esinde ger\u00e7ekle\u015ftirilen hasat program\u0131na Ayd\u0131n \u0130l Tar\u0131m ve Orman M\u00fcd\u00fcr\u00fc Ayhan Temiz ile Efeler \u0130l\u00e7e Tar\u0131m ve Orman M\u00fcd\u00fcr\u00fc Mehmet Esen kat\u0131ld\u0131. \u0130l M\u00fcd\u00fcr\u00fc Temiz, \u00fcreticileri hasat d\u00f6neminde yaln\u0131z b\u0131rakmayarak \u00e7al\u0131\u015fmalar\u0131 yerinde inceledi.<\/p>\n<p>2024 y\u0131l\u0131 T\u00dc\u0130K verilerine g\u00f6re T\u00fcrkiye genelinde 38 bin 77 ton enginar \u00fcretimi ger\u00e7ekle\u015ftirilirken, bunun 6 bin 615 tonu Ayd\u0131n\u2019da \u00fcretildi. Toplam 4 bin 292 dekar alanda yap\u0131lan \u00fcretimle Ayd\u0131n, T\u00fcrkiye enginar \u00fcretiminde 2\u2019nci s\u0131rada yer ald\u0131.<\/p>\n<p>Konu ile ilgili Ayd\u0131n \u0130l Tar\u0131m ve Orman M\u00fcd\u00fcrl\u00fc\u011f\u00fc\u2019nden yap\u0131lan a\u00e7\u0131klamada &#8220;Co\u011frafi i\u015faret tesciline sahip Ayd\u0131n Enginar\u0131\u2019nda y\u0131l\u0131n ilk hasad\u0131 ger\u00e7ekle\u015ftirildi. Ayd\u0131n, enginar \u00fcretiminde \u00fclke genelinde g\u00fc\u00e7l\u00fc bir konuma sahiptir. Co\u011frafi i\u015faretli Ayd\u0131n Enginar\u0131, ilimizin tar\u0131msal de\u011ferleri aras\u0131nda \u00f6nemli bir yere sahip olup \u00fcreticilerimizin eme\u011fiyle katma de\u011fer olu\u015fturmaya devam etmektedir&#8221; ifadeleri yer ald\u0131.<br \/><\/p>\n","protected":false},"excerpt":{"rendered":"<p>Ayd\u0131n\u2019da co\u011frafi i\u015faret tesciline sahip Ayd\u0131n Enginar\u0131\u2019nda y\u0131l\u0131n ilk hasad\u0131 ger\u00e7ekle\u015ftirildi. Enginar \u00fcretiminde T\u00fcrkiye\u2019nin y\u00fczde 42\u2019lik ihtiyac\u0131na cevap veren Ayd\u0131n\u2019da, enginar sezonu a\u00e7\u0131ld\u0131. Ayd\u0131n\u2019\u0131n enginar \u00fcss\u00fc olarak bilinen Efeler il\u00e7esi G\u00f6lhisar Mahallesi ba\u015fta olmak \u00fczere il genelindeki enginar tarlalar\u0131nda da hareketlilik ba\u015flarken, y\u0131l\u0131n ilk enginar hasad\u0131 ger\u00e7ekle\u015ftirildi. Efeler il\u00e7esinde ger\u00e7ekle\u015ftirilen hasat program\u0131na Ayd\u0131n \u0130l Tar\u0131m&#8230;<\/p>\n","protected":false},"author":1,"featured_media":74975,"comment_status":"open","ping_status":"open","sticky":false,"template":"","format":"standard","meta":{"_crdt_document":"","footnotes":""},"categories":[1],"tags":[],"class_list":["post-74974","post","type-post","status-publish","format-standard","has-post-thumbnail","hentry","category-guncel"],"_links":{"self":[{"href":"https:\/\/www.egemtv.com\/index.php?rest_route=\/wp\/v2\/posts\/74974","targetHints":{"allow":["GET"]}}],"collection":[{"href":"https:\/\/www.egemtv.com\/index.php?rest_route=\/wp\/v2\/posts"}],"about":[{"href":"https:\/\/www.egemtv.com\/index.php?rest_route=\/wp\/v2\/types\/post"}],"author":[{"embeddable":true,"href":"https:\/\/www.egemtv.com\/index.php?rest_route=\/wp\/v2\/users\/1"}],"replies":[{"embeddable":true,"href":"https:\/\/www.egemtv.com\/index.php?rest_route=%2Fwp%2Fv2%2Fcomments&post=74974"}],"version-history":[{"count":1,"href":"https:\/\/www.egemtv.com\/index.php?rest_route=\/wp\/v2\/posts\/74974\/revisions"}],"predecessor-version":[{"id":74976,"href":"https:\/\/www.egemtv.com\/index.php?rest_route=\/wp\/v2\/posts\/74974\/revisions\/74976"}],"wp:featuredmedia":[{"embeddable":true,"href":"https:\/\/www.egemtv.com\/index.php?rest_route=\/wp\/v2\/media\/74975"}],"wp:attachment":[{"href":"https:\/\/www.egemtv.com\/index.php?rest_route=%2Fwp%2Fv2%2Fmedia&parent=74974"}],"wp:term":[{"taxonomy":"category","embeddable":true,"href":"https:\/\/www.egemtv.com\/index.php?rest_route=%2Fwp%2Fv2%2Fcategories&post=74974"},{"taxonomy":"post_tag","embeddable":true,"href":"https:\/\/www.egemtv.com\/index.php?rest_route=%2Fwp%2Fv2%2Ftags&post=74974"}],"curies":[{"name":"wp","href":"https:\/\/api.w.org\/{rel}","templated":true}]}}