{"id":74971,"date":"2025-12-18T12:34:53","date_gmt":"2025-12-18T09:34:53","guid":{"rendered":"https:\/\/www.egemtv.com\/?p=74971"},"modified":"2025-12-18T12:34:54","modified_gmt":"2025-12-18T09:34:54","slug":"belediyenin-imar-cezasina-yargi-freni","status":"publish","type":"post","link":"https:\/\/www.egemtv.com\/?p=74971","title":{"rendered":"Belediyenin imar cezas\u0131na yarg\u0131 freni"},"content":{"rendered":"<p>\u0130zmir\u2019de gecekondusuna eklenti yapt\u0131\u011f\u0131 i\u00e7in imar kirlili\u011fi su\u00e7undan adli ceza alan vatanda\u015f\u0131n, belediye taraf\u0131ndan kesilen 980 bin TL\u2019lik idari para cezas\u0131 mahkemece iptal edildi. Kararda, ayn\u0131 eylemden dolay\u0131 hem adli hem de idari para cezas\u0131 verilemeyece\u011fi vurgulanarak binlerce vatanda\u015f i\u00e7in emsal niteli\u011finde bir karara imza at\u0131ld\u0131.<br \/>\n<br \/>Karaba\u011flar\u2019da ya\u015fayan K.F. isimli vatanda\u015f\u0131n mevcut konutuna eklenti yapmas\u0131yla ba\u015flad\u0131. Karaba\u011flar Belediyesi, enc\u00fcmen karar\u0131yla Bozyaka semtinde bulunan s\u00f6z konusu yap\u0131 i\u00e7in y\u0131k\u0131m karar\u0131 al\u0131rken ayn\u0131 zamanda 980 bin TL tutar\u0131nda idari para cezas\u0131 kesti ve savc\u0131l\u0131\u011fa su\u00e7 duyurusunda bulundu. Mahkeme taraf\u0131ndan da vatanda\u015f hakk\u0131nda verilen hapis cezas\u0131 para cezas\u0131na d\u00f6n\u00fc\u015ft\u00fcr\u00fcld\u00fc. Vatanda\u015f\u0131n avukat\u0131 Mehmet Harun El\u00e7i arac\u0131l\u0131\u011f\u0131yla idare mahkemesine a\u00e7t\u0131\u011f\u0131 davada ise mahkeme, evrensel hukuk ilkesi olan \u2019ayn\u0131 fiilden dolay\u0131 iki kez ceza verilemez\u2019 (Non Bis In Idem) kural\u0131na dayanarak, belediyenin kesti\u011fi para cezas\u0131n\u0131 iptal etti.<\/p>\n<p>&#8220;Ayn\u0131 eylemden iki kez ceza olmaz&#8221;<br \/>\n<br \/>Karar\u0131 de\u011ferlendiren Avukat Mehmet Harun El\u00e7i, bu karar\u0131n binlerce vatanda\u015f i\u00e7in emsal niteli\u011finde oldu\u011funu vurgulad\u0131. El\u00e7i, \u015fu ifadeleri kulland\u0131: &#8220;Evrensel bir hukuk ilkesi olan \u2019non bis in idem\u2019 gere\u011fince, ayn\u0131 eylemden \u00f6t\u00fcr\u00fc iki kez cezaland\u0131rma olmaz. T\u00fcrk Ceza Kanunu (TCK) madde 184 kapsam\u0131nda imar kirlili\u011fine neden olmaktan ceza alan bir ki\u015fiye, idari yoldan ayr\u0131ca a\u011f\u0131r para cezalar\u0131 kesilmesi hukuka ayk\u0131r\u0131d\u0131r. Mahkemeler, bu t\u00fcr \u00e7ifte cezaland\u0131rmalar\u0131 iptal etmektedir.&#8221;<\/p>\n<p>&#8220;Dava a\u00e7maktan \u00e7ekinmeyin&#8221;<br \/>\n<br \/>El\u00e7i, &#8220;Ka\u00e7ak yap\u0131 yapanlar\u0131n tamam\u0131 rant pe\u015finde ko\u015fan ki\u015filer de\u011fildir&#8221; dedi. \u00d6zellikle dar gelirli vatanda\u015flar\u0131n y\u00fcz binlerce liral\u0131k cezalarla ma\u011fdur edildi\u011fini belirten Avukat El\u00e7i, belediyeden enc\u00fcmen karar\u0131 tebli\u011f alan vatanda\u015flar\u0131n hukuki yollara ba\u015fvurmas\u0131n\u0131 \u00f6nerdi. El\u00e7i, &#8220;Vatanda\u015flar\u0131m\u0131z\u0131n bilin\u00e7li olmalar\u0131n\u0131, kendilerine tebli\u011f edilen enc\u00fcmen kararlar\u0131na kar\u015f\u0131 idare mahkemelerinde iptal davas\u0131 a\u00e7malar\u0131n\u0131 \u00f6neriyorum. Ald\u0131\u011f\u0131m\u0131z bu emsal karar, vatanda\u015flar\u0131n \u00e7ifte cezalarla ma\u011fdur edilmesinin \u00f6n\u00fcne ge\u00e7en, hukuk devletini g\u00fc\u00e7lendiren bir karard\u0131r&#8221; diye konu\u015ftu.<br \/><\/p>\n","protected":false},"excerpt":{"rendered":"<p>\u0130zmir\u2019de gecekondusuna eklenti yapt\u0131\u011f\u0131 i\u00e7in imar kirlili\u011fi su\u00e7undan adli ceza alan vatanda\u015f\u0131n, belediye taraf\u0131ndan kesilen 980 bin TL\u2019lik idari para cezas\u0131 mahkemece iptal edildi. Kararda, ayn\u0131 eylemden dolay\u0131 hem adli hem de idari para cezas\u0131 verilemeyece\u011fi vurgulanarak binlerce vatanda\u015f i\u00e7in emsal niteli\u011finde bir karara imza at\u0131ld\u0131. Karaba\u011flar\u2019da ya\u015fayan K.F. isimli vatanda\u015f\u0131n mevcut konutuna eklenti yapmas\u0131yla&#8230;<\/p>\n","protected":false},"author":1,"featured_media":74972,"comment_status":"open","ping_status":"open","sticky":false,"template":"","format":"standard","meta":{"_crdt_document":"","footnotes":""},"categories":[1],"tags":[],"class_list":["post-74971","post","type-post","status-publish","format-standard","has-post-thumbnail","hentry","category-guncel"],"_links":{"self":[{"href":"https:\/\/www.egemtv.com\/index.php?rest_route=\/wp\/v2\/posts\/74971","targetHints":{"allow":["GET"]}}],"collection":[{"href":"https:\/\/www.egemtv.com\/index.php?rest_route=\/wp\/v2\/posts"}],"about":[{"href":"https:\/\/www.egemtv.com\/index.php?rest_route=\/wp\/v2\/types\/post"}],"author":[{"embeddable":true,"href":"https:\/\/www.egemtv.com\/index.php?rest_route=\/wp\/v2\/users\/1"}],"replies":[{"embeddable":true,"href":"https:\/\/www.egemtv.com\/index.php?rest_route=%2Fwp%2Fv2%2Fcomments&post=74971"}],"version-history":[{"count":1,"href":"https:\/\/www.egemtv.com\/index.php?rest_route=\/wp\/v2\/posts\/74971\/revisions"}],"predecessor-version":[{"id":74973,"href":"https:\/\/www.egemtv.com\/index.php?rest_route=\/wp\/v2\/posts\/74971\/revisions\/74973"}],"wp:featuredmedia":[{"embeddable":true,"href":"https:\/\/www.egemtv.com\/index.php?rest_route=\/wp\/v2\/media\/74972"}],"wp:attachment":[{"href":"https:\/\/www.egemtv.com\/index.php?rest_route=%2Fwp%2Fv2%2Fmedia&parent=74971"}],"wp:term":[{"taxonomy":"category","embeddable":true,"href":"https:\/\/www.egemtv.com\/index.php?rest_route=%2Fwp%2Fv2%2Fcategories&post=74971"},{"taxonomy":"post_tag","embeddable":true,"href":"https:\/\/www.egemtv.com\/index.php?rest_route=%2Fwp%2Fv2%2Ftags&post=74971"}],"curies":[{"name":"wp","href":"https:\/\/api.w.org\/{rel}","templated":true}]}}