{"id":74968,"date":"2025-12-18T12:34:52","date_gmt":"2025-12-18T09:34:52","guid":{"rendered":"https:\/\/www.egemtv.com\/?p=74968"},"modified":"2025-12-18T12:34:53","modified_gmt":"2025-12-18T09:34:53","slug":"kotekli-genclik-merkezinde-sanat-dolu-gunler","status":"publish","type":"post","link":"https:\/\/www.egemtv.com\/?p=74968","title":{"rendered":"K\u00f6tekli Gen\u00e7lik Merkezi\u2019nde sanat dolu g\u00fcnler"},"content":{"rendered":"<p>Mente\u015fe Gen\u00e7lik ve Spor \u0130l\u00e7e M\u00fcd\u00fcrl\u00fc\u011f\u00fc b\u00fcnyesinde hizmet veren K\u00f6tekli Gen\u00e7lik Merkezi, a\u00e7t\u0131\u011f\u0131 sanat at\u00f6lyeleriyle \u00e7ocuklar\u0131n hayal d\u00fcnyas\u0131n\u0131 ger\u00e7e\u011fe d\u00f6n\u00fc\u015ft\u00fcr\u00fcyor. Temel \u00e7izimden serami\u011fe, ebrudan tasar\u0131ma kadar pek \u00e7ok bran\u015fta e\u011fitim alan minikler, hem \u00f6\u011freniyor hem de e\u011fleniyor.<\/p>\n<p>\u00c7ocuklar\u0131n sanatsal geli\u015fimine katk\u0131 sunmak ve serbest zamanlar\u0131n\u0131 verimli ge\u00e7irmelerini sa\u011flamak amac\u0131yla faaliyetlerini s\u00fcrd\u00fcren K\u00f6tekli Gen\u00e7lik Merkezi, birbirinden renkli at\u00f6lyelere ev sahipli\u011fi yapmaya devam ediyor. Alan\u0131nda uzman e\u011fitmenler e\u015fli\u011finde ger\u00e7ekle\u015ftirilen \u00e7al\u0131\u015fmalarda, gelece\u011fin sanat\u00e7\u0131 adaylar\u0131 erken ya\u015fta sanat\u0131n farkl\u0131 dallar\u0131yla tan\u0131\u015f\u0131yor.<br \/>\n<br \/>At\u00f6lye \u00e7al\u0131\u015fmalar\u0131 sadece teknik beceri kazand\u0131rmakla kalm\u0131yor; \u00e7ocuklar\u0131n tak\u0131m \u00e7al\u0131\u015fmas\u0131, payla\u015fma ve \u00f6zg\u00fcven gibi sosyal becerilerinin geli\u015fmesine de b\u00fcy\u00fck katk\u0131 sa\u011fl\u0131yor. \u00dcretmenin mutlulu\u011funu ya\u015fayan minik sanat\u00e7\u0131lar, k\u00fclt\u00fcrel de\u011ferlerle erkenden tan\u0131\u015farak sanata duyarl\u0131 bireyler olma yolunda ilk ad\u0131mlar\u0131n\u0131 at\u0131yor.<br \/>\n<br \/>Mente\u015fe Gen\u00e7lik ve Spor \u0130l\u00e7e M\u00fcd\u00fcrl\u00fc\u011f\u00fc\u2019nden yap\u0131lan a\u00e7\u0131klamada; &#8220;Gen\u00e7lik merkezimiz, \u00e7ocuklar\u0131m\u0131z\u0131n sadece fiziksel de\u011fil, ruhsal ve sanatsal geli\u015fimlerine de destek olmay\u0131 ama\u00e7l\u0131yor. Bu at\u00f6lyelerle onlar\u0131n i\u00e7indeki cevheri ortaya \u00e7\u0131karmak en b\u00fcy\u00fck motivasyon kayna\u011f\u0131m\u0131z&#8221; ifadelerine yer verildi.<br \/><\/p>\n","protected":false},"excerpt":{"rendered":"<p>Mente\u015fe Gen\u00e7lik ve Spor \u0130l\u00e7e M\u00fcd\u00fcrl\u00fc\u011f\u00fc b\u00fcnyesinde hizmet veren K\u00f6tekli Gen\u00e7lik Merkezi, a\u00e7t\u0131\u011f\u0131 sanat at\u00f6lyeleriyle \u00e7ocuklar\u0131n hayal d\u00fcnyas\u0131n\u0131 ger\u00e7e\u011fe d\u00f6n\u00fc\u015ft\u00fcr\u00fcyor. Temel \u00e7izimden serami\u011fe, ebrudan tasar\u0131ma kadar pek \u00e7ok bran\u015fta e\u011fitim alan minikler, hem \u00f6\u011freniyor hem de e\u011fleniyor. \u00c7ocuklar\u0131n sanatsal geli\u015fimine katk\u0131 sunmak ve serbest zamanlar\u0131n\u0131 verimli ge\u00e7irmelerini sa\u011flamak amac\u0131yla faaliyetlerini s\u00fcrd\u00fcren K\u00f6tekli Gen\u00e7lik Merkezi, birbirinden&#8230;<\/p>\n","protected":false},"author":1,"featured_media":74969,"comment_status":"open","ping_status":"open","sticky":false,"template":"","format":"standard","meta":{"_crdt_document":"","footnotes":""},"categories":[1],"tags":[],"class_list":["post-74968","post","type-post","status-publish","format-standard","has-post-thumbnail","hentry","category-guncel"],"_links":{"self":[{"href":"https:\/\/www.egemtv.com\/index.php?rest_route=\/wp\/v2\/posts\/74968","targetHints":{"allow":["GET"]}}],"collection":[{"href":"https:\/\/www.egemtv.com\/index.php?rest_route=\/wp\/v2\/posts"}],"about":[{"href":"https:\/\/www.egemtv.com\/index.php?rest_route=\/wp\/v2\/types\/post"}],"author":[{"embeddable":true,"href":"https:\/\/www.egemtv.com\/index.php?rest_route=\/wp\/v2\/users\/1"}],"replies":[{"embeddable":true,"href":"https:\/\/www.egemtv.com\/index.php?rest_route=%2Fwp%2Fv2%2Fcomments&post=74968"}],"version-history":[{"count":1,"href":"https:\/\/www.egemtv.com\/index.php?rest_route=\/wp\/v2\/posts\/74968\/revisions"}],"predecessor-version":[{"id":74970,"href":"https:\/\/www.egemtv.com\/index.php?rest_route=\/wp\/v2\/posts\/74968\/revisions\/74970"}],"wp:featuredmedia":[{"embeddable":true,"href":"https:\/\/www.egemtv.com\/index.php?rest_route=\/wp\/v2\/media\/74969"}],"wp:attachment":[{"href":"https:\/\/www.egemtv.com\/index.php?rest_route=%2Fwp%2Fv2%2Fmedia&parent=74968"}],"wp:term":[{"taxonomy":"category","embeddable":true,"href":"https:\/\/www.egemtv.com\/index.php?rest_route=%2Fwp%2Fv2%2Fcategories&post=74968"},{"taxonomy":"post_tag","embeddable":true,"href":"https:\/\/www.egemtv.com\/index.php?rest_route=%2Fwp%2Fv2%2Ftags&post=74968"}],"curies":[{"name":"wp","href":"https:\/\/api.w.org\/{rel}","templated":true}]}}