{"id":74965,"date":"2025-12-18T12:34:51","date_gmt":"2025-12-18T09:34:51","guid":{"rendered":"https:\/\/www.egemtv.com\/?p=74965"},"modified":"2025-12-18T12:34:52","modified_gmt":"2025-12-18T09:34:52","slug":"bodrum-gundogan-hokey-takimi-birinci-lige-yukseldi","status":"publish","type":"post","link":"https:\/\/www.egemtv.com\/?p=74965","title":{"rendered":"Bodrum G\u00fcndo\u011fan hokey tak\u0131m\u0131 birinci lige y\u00fckseldi"},"content":{"rendered":"<p>Bodrum G\u00fcndo\u011fan Spor Kul\u00fcb\u00fc Yata\u011fan\u2019da d\u00fczenlenen T\u00fcrkiye Kad\u0131nlar Hokey 2. Ligi m\u00fcsabakalar\u0131nda ba\u015far\u0131l\u0131 olarak \u015fampiyonluk kupas\u0131n\u0131 kald\u0131rd\u0131. Ya\u015f ortalamas\u0131 14 olan gen\u00e7 yetenekler, t\u00fcm rakiplerini yenerek 1. Lig\u2019e y\u00fckselme ba\u015far\u0131s\u0131 g\u00f6sterdi.<\/p>\n<p>Yata\u011fan Spor Salonu\u2019nun ev sahipli\u011fi yapt\u0131\u011f\u0131 T\u00fcrkiye Kad\u0131nlar Hokey 2. Ligi m\u00fcsabakalar\u0131, nefes kesen m\u00fccadelelere sahne oldu. Turnuvaya damgas\u0131n\u0131 vuran ekip, Mente\u015fe il\u00e7esindeki sporculardan kurulu olan Bodrum G\u00fcndo\u011fan Spor Kul\u00fcb\u00fc oldu.<\/p>\n<p>Turnuva boyunca oynad\u0131\u011f\u0131 t\u00fcm ma\u00e7lar\u0131 kazanan Bodrum ekibi, \u00f6zellikle ilk turlarda elde etti\u011fi farkl\u0131 galibiyetlerle dikkatleri \u00fczerine \u00e7ekti. Final ma\u00e7\u0131nda Suru\u00e7 temsilcisini \u00e7eki\u015fmeli bir m\u00fccadelenin ard\u0131ndan ma\u011flup eden Bodrum G\u00fcndo\u011fan Spor Kul\u00fcb\u00fc, bu sonu\u00e7la ad\u0131n\u0131 T\u00fcrkiye Kad\u0131nlar Hokey 1. Ligi\u2019ne yazd\u0131rmay\u0131 ba\u015fard\u0131.<\/p>\n<p>Ma\u00e7 sonu a\u00e7\u0131klamalarda bulunan ba\u015f antren\u00f6r Serkan \u015een, ba\u015far\u0131n\u0131n tesad\u00fcf olmad\u0131\u011f\u0131n\u0131 vurgulad\u0131. \u015een, yapt\u0131\u011f\u0131 a\u00e7\u0131klamada \u015fu ifadeleri kulland\u0131: &#8220;Hen\u00fcz 14 ya\u015f ortalamas\u0131na sahip, \u00e7ok gen\u00e7 ve dinamik bir sporcu grubuyla bu ligde m\u00fccadele ediyoruz. \u00c7ocuklar\u0131m\u0131z\u0131n azmi ve disiplini bizi bu hakl\u0131 gurura ula\u015ft\u0131rd\u0131. \u015eu an tak\u0131m\u0131m\u0131z Mente\u015fe a\u011f\u0131rl\u0131kl\u0131 sporculardan olu\u015fsa da, en k\u0131sa s\u00fcrede Bodrum G\u00fcndo\u011fan b\u00f6lgesinde de kendi sporcu grubumuzu olu\u015fturup \u00e7al\u0131\u015fmalara ba\u015flayaca\u011f\u0131z. Amac\u0131m\u0131z bu ba\u015far\u0131y\u0131 s\u00fcrd\u00fcr\u00fclebilir k\u0131lmak&#8221; ifadesi kulland\u0131.<br \/><\/p>\n","protected":false},"excerpt":{"rendered":"<p>Bodrum G\u00fcndo\u011fan Spor Kul\u00fcb\u00fc Yata\u011fan\u2019da d\u00fczenlenen T\u00fcrkiye Kad\u0131nlar Hokey 2. Ligi m\u00fcsabakalar\u0131nda ba\u015far\u0131l\u0131 olarak \u015fampiyonluk kupas\u0131n\u0131 kald\u0131rd\u0131. Ya\u015f ortalamas\u0131 14 olan gen\u00e7 yetenekler, t\u00fcm rakiplerini yenerek 1. Lig\u2019e y\u00fckselme ba\u015far\u0131s\u0131 g\u00f6sterdi. Yata\u011fan Spor Salonu\u2019nun ev sahipli\u011fi yapt\u0131\u011f\u0131 T\u00fcrkiye Kad\u0131nlar Hokey 2. Ligi m\u00fcsabakalar\u0131, nefes kesen m\u00fccadelelere sahne oldu. Turnuvaya damgas\u0131n\u0131 vuran ekip, Mente\u015fe il\u00e7esindeki sporculardan&#8230;<\/p>\n","protected":false},"author":1,"featured_media":74966,"comment_status":"open","ping_status":"open","sticky":false,"template":"","format":"standard","meta":{"_crdt_document":"","footnotes":""},"categories":[4],"tags":[],"class_list":["post-74965","post","type-post","status-publish","format-standard","has-post-thumbnail","hentry","category-spor"],"_links":{"self":[{"href":"https:\/\/www.egemtv.com\/index.php?rest_route=\/wp\/v2\/posts\/74965","targetHints":{"allow":["GET"]}}],"collection":[{"href":"https:\/\/www.egemtv.com\/index.php?rest_route=\/wp\/v2\/posts"}],"about":[{"href":"https:\/\/www.egemtv.com\/index.php?rest_route=\/wp\/v2\/types\/post"}],"author":[{"embeddable":true,"href":"https:\/\/www.egemtv.com\/index.php?rest_route=\/wp\/v2\/users\/1"}],"replies":[{"embeddable":true,"href":"https:\/\/www.egemtv.com\/index.php?rest_route=%2Fwp%2Fv2%2Fcomments&post=74965"}],"version-history":[{"count":1,"href":"https:\/\/www.egemtv.com\/index.php?rest_route=\/wp\/v2\/posts\/74965\/revisions"}],"predecessor-version":[{"id":74967,"href":"https:\/\/www.egemtv.com\/index.php?rest_route=\/wp\/v2\/posts\/74965\/revisions\/74967"}],"wp:featuredmedia":[{"embeddable":true,"href":"https:\/\/www.egemtv.com\/index.php?rest_route=\/wp\/v2\/media\/74966"}],"wp:attachment":[{"href":"https:\/\/www.egemtv.com\/index.php?rest_route=%2Fwp%2Fv2%2Fmedia&parent=74965"}],"wp:term":[{"taxonomy":"category","embeddable":true,"href":"https:\/\/www.egemtv.com\/index.php?rest_route=%2Fwp%2Fv2%2Fcategories&post=74965"},{"taxonomy":"post_tag","embeddable":true,"href":"https:\/\/www.egemtv.com\/index.php?rest_route=%2Fwp%2Fv2%2Ftags&post=74965"}],"curies":[{"name":"wp","href":"https:\/\/api.w.org\/{rel}","templated":true}]}}