{"id":74962,"date":"2025-12-18T12:34:51","date_gmt":"2025-12-18T09:34:51","guid":{"rendered":"https:\/\/www.egemtv.com\/?p=74962"},"modified":"2025-12-18T12:34:51","modified_gmt":"2025-12-18T09:34:51","slug":"merhum-baskanlar-icin-simit-firinindan-ucretsiz-simit","status":"publish","type":"post","link":"https:\/\/www.egemtv.com\/?p=74962","title":{"rendered":"Merhum ba\u015fkanlar i\u00e7in simit f\u0131r\u0131n\u0131ndan \u00fccretsiz simit"},"content":{"rendered":"<p>Manisa\u2019n\u0131n Demirci il\u00e7esinde bir ekmek ve simit f\u0131r\u0131n\u0131, elim bir kaza sonucu hayat\u0131n\u0131 kaybeden Manisa B\u00fcy\u00fck\u015fehir Belediye Ba\u015fkan\u0131 Ferdi Zeyrek ile ge\u00e7ti\u011fimiz 14 Aral\u0131k Pazar g\u00fcn\u00fc vefat eden \u015eehzadeler Belediye Ba\u015fkan\u0131 G\u00fcl\u015fah Durbay\u2019\u0131n hayr\u0131na \u00fccretsiz simit da\u011f\u0131tt\u0131.<br \/>\n<br \/>Demirci il\u00e7esine ba\u011fl\u0131 Beyaz\u0131t Mahallesi\u2019nde, Makine Kimya H\u00fcseyin \u00c7amtepe Ortaokulu yan\u0131nda bulunan \u00d6zlem Ekmek ve Simit F\u0131r\u0131n\u0131\u2019nda ger\u00e7ekle\u015ftirilen hay\u0131rda vatanda\u015flara odun ate\u015finde pi\u015firilen simit ikram edildi.<br \/>\n<br \/>F\u0131r\u0131n sahibi Harun \u00c7\u0131nar, yapt\u0131\u011f\u0131 a\u00e7\u0131klamada, &#8220;Odun ate\u015finde pi\u015firdi\u011fimiz \u0130zmir gevre\u011fini \u00fccretsiz da\u011f\u0131tt\u0131k. Merhum belediye ba\u015fkanlar\u0131m\u0131z\u0131n ruhuna ithafen yapt\u0131k. Rabbim kabul eylesin&#8221; dedi.<br \/>\n<br \/>Merhum ba\u015fkanlar\u0131n k\u0131sa s\u00fcrede halk\u0131n g\u00f6nl\u00fcnde yer edindi\u011fini belirten \u00c7\u0131nar, bu d\u00f6nemde y\u00f6neticilerin halk\u0131n g\u00fcvenini kazanmas\u0131n\u0131n \u00f6nemine vurgu yapt\u0131. Hay\u0131r etkinli\u011fi vatanda\u015flar taraf\u0131ndan memnuniyetle kar\u015f\u0131land\u0131.<br \/><\/p>\n","protected":false},"excerpt":{"rendered":"<p>Manisa\u2019n\u0131n Demirci il\u00e7esinde bir ekmek ve simit f\u0131r\u0131n\u0131, elim bir kaza sonucu hayat\u0131n\u0131 kaybeden Manisa B\u00fcy\u00fck\u015fehir Belediye Ba\u015fkan\u0131 Ferdi Zeyrek ile ge\u00e7ti\u011fimiz 14 Aral\u0131k Pazar g\u00fcn\u00fc vefat eden \u015eehzadeler Belediye Ba\u015fkan\u0131 G\u00fcl\u015fah Durbay\u2019\u0131n hayr\u0131na \u00fccretsiz simit da\u011f\u0131tt\u0131. Demirci il\u00e7esine ba\u011fl\u0131 Beyaz\u0131t Mahallesi\u2019nde, Makine Kimya H\u00fcseyin \u00c7amtepe Ortaokulu yan\u0131nda bulunan \u00d6zlem Ekmek ve Simit F\u0131r\u0131n\u0131\u2019nda ger\u00e7ekle\u015ftirilen&#8230;<\/p>\n","protected":false},"author":1,"featured_media":74963,"comment_status":"open","ping_status":"open","sticky":false,"template":"","format":"standard","meta":{"_crdt_document":"","footnotes":""},"categories":[123],"tags":[],"class_list":["post-74962","post","type-post","status-publish","format-standard","has-post-thumbnail","hentry","category-gundem"],"_links":{"self":[{"href":"https:\/\/www.egemtv.com\/index.php?rest_route=\/wp\/v2\/posts\/74962","targetHints":{"allow":["GET"]}}],"collection":[{"href":"https:\/\/www.egemtv.com\/index.php?rest_route=\/wp\/v2\/posts"}],"about":[{"href":"https:\/\/www.egemtv.com\/index.php?rest_route=\/wp\/v2\/types\/post"}],"author":[{"embeddable":true,"href":"https:\/\/www.egemtv.com\/index.php?rest_route=\/wp\/v2\/users\/1"}],"replies":[{"embeddable":true,"href":"https:\/\/www.egemtv.com\/index.php?rest_route=%2Fwp%2Fv2%2Fcomments&post=74962"}],"version-history":[{"count":1,"href":"https:\/\/www.egemtv.com\/index.php?rest_route=\/wp\/v2\/posts\/74962\/revisions"}],"predecessor-version":[{"id":74964,"href":"https:\/\/www.egemtv.com\/index.php?rest_route=\/wp\/v2\/posts\/74962\/revisions\/74964"}],"wp:featuredmedia":[{"embeddable":true,"href":"https:\/\/www.egemtv.com\/index.php?rest_route=\/wp\/v2\/media\/74963"}],"wp:attachment":[{"href":"https:\/\/www.egemtv.com\/index.php?rest_route=%2Fwp%2Fv2%2Fmedia&parent=74962"}],"wp:term":[{"taxonomy":"category","embeddable":true,"href":"https:\/\/www.egemtv.com\/index.php?rest_route=%2Fwp%2Fv2%2Fcategories&post=74962"},{"taxonomy":"post_tag","embeddable":true,"href":"https:\/\/www.egemtv.com\/index.php?rest_route=%2Fwp%2Fv2%2Ftags&post=74962"}],"curies":[{"name":"wp","href":"https:\/\/api.w.org\/{rel}","templated":true}]}}