{"id":74959,"date":"2025-12-18T12:14:50","date_gmt":"2025-12-18T09:14:50","guid":{"rendered":"https:\/\/www.egemtv.com\/?p=74959"},"modified":"2025-12-18T12:14:51","modified_gmt":"2025-12-18T09:14:51","slug":"bu-tuvalet-tarih-kokuyor","status":"publish","type":"post","link":"https:\/\/www.egemtv.com\/?p=74959","title":{"rendered":"Bu tuvalet \u2018tarih\u2019 kokuyor"},"content":{"rendered":"<p>Yakla\u015f\u0131k 3 bin y\u0131ll\u0131k ge\u00e7mi\u015fe sahip Frig Vadisi\u2019nde tarihin ilk apartmanlar\u0131ndan birisi olan kayaya oyularak yap\u0131lan 3 katl\u0131 yap\u0131 i\u00e7erisinde yer alan alaturka tuvalet tarihin ilk tuvaletlerinden birisi olarak g\u00f6steriliyor.<br \/>\n<br \/>Her mevsim ilgi oda\u011f\u0131 olmaya devam eden Frig Vadisi\u2019nde yer alan eserler bir birinden ilgin\u00e7 \u00f6zellikleri ile g\u00fcndeme gelmeye devam ediyor. Vadinin Ayazini k\u0131sm\u0131nda kalan b\u00f6lgede yer alan ve tarihin ilk apartman\u0131 olarak bilinen yap\u0131n\u0131n 3.\u2019nc\u00fc kat\u0131ndaki tuvalet ise g\u00f6renleri adeta hayrete d\u00fc\u015f\u00fcr\u00fcyor. Yap\u0131n\u0131n i\u00e7erisinde oyma \u015feklinde alaturka olarak yap\u0131lan tuvalet Afyonkarahisar Valili\u011fi \u0130l K\u00fclt\u00fcr ve Turizm M\u00fcd\u00fcrl\u00fc\u011f\u00fc taraf\u0131ndan as\u0131lan bilgilendirme levhas\u0131nda \u2018tarihin ilk alaturka tuvaleti\u2019 olarak nitelendiriliyor.<br \/>\n<br \/>\u0130lgin\u00e7 eserle ilgili \u0130hlas Haber Ajans\u0131 (\u0130HA) muhabirine konu\u015fan Ayazini K\u00f6y\u00fc Muhtar\u0131 Bekir Y\u0131lmaz, vadiye ve eseri g\u00f6rmeye gelenlerin tuvalet ile ilgili kendilerine s\u00fcrekli sorular sorduklar\u0131n\u0131 kaydederek, &#8220;O konuda bize \u00e7ok sorular geliyor. \u00d6\u011frendi\u011fimize g\u00f6re g\u00f6re 6 medeniyet ya\u015fam\u0131\u015f. Romal\u0131lar, Bizanslar ve Hititler gibi. D\u00fcnyan\u0131n ilk tuvaleti olarak adland\u0131r\u0131lan yer apartman\u0131n 3.\u2019nc\u00fc kat\u0131nda. Ger\u00e7ekten bak\u0131ld\u0131\u011f\u0131 zaman tuvaleti hat\u0131rlat\u0131yor&#8221; dedi.<br \/><\/p>\n","protected":false},"excerpt":{"rendered":"<p>Yakla\u015f\u0131k 3 bin y\u0131ll\u0131k ge\u00e7mi\u015fe sahip Frig Vadisi\u2019nde tarihin ilk apartmanlar\u0131ndan birisi olan kayaya oyularak yap\u0131lan 3 katl\u0131 yap\u0131 i\u00e7erisinde yer alan alaturka tuvalet tarihin ilk tuvaletlerinden birisi olarak g\u00f6steriliyor. Her mevsim ilgi oda\u011f\u0131 olmaya devam eden Frig Vadisi\u2019nde yer alan eserler bir birinden ilgin\u00e7 \u00f6zellikleri ile g\u00fcndeme gelmeye devam ediyor. Vadinin Ayazini k\u0131sm\u0131nda kalan&#8230;<\/p>\n","protected":false},"author":1,"featured_media":74960,"comment_status":"open","ping_status":"open","sticky":false,"template":"","format":"standard","meta":{"_crdt_document":"","footnotes":""},"categories":[1],"tags":[],"class_list":["post-74959","post","type-post","status-publish","format-standard","has-post-thumbnail","hentry","category-guncel"],"_links":{"self":[{"href":"https:\/\/www.egemtv.com\/index.php?rest_route=\/wp\/v2\/posts\/74959","targetHints":{"allow":["GET"]}}],"collection":[{"href":"https:\/\/www.egemtv.com\/index.php?rest_route=\/wp\/v2\/posts"}],"about":[{"href":"https:\/\/www.egemtv.com\/index.php?rest_route=\/wp\/v2\/types\/post"}],"author":[{"embeddable":true,"href":"https:\/\/www.egemtv.com\/index.php?rest_route=\/wp\/v2\/users\/1"}],"replies":[{"embeddable":true,"href":"https:\/\/www.egemtv.com\/index.php?rest_route=%2Fwp%2Fv2%2Fcomments&post=74959"}],"version-history":[{"count":1,"href":"https:\/\/www.egemtv.com\/index.php?rest_route=\/wp\/v2\/posts\/74959\/revisions"}],"predecessor-version":[{"id":74961,"href":"https:\/\/www.egemtv.com\/index.php?rest_route=\/wp\/v2\/posts\/74959\/revisions\/74961"}],"wp:featuredmedia":[{"embeddable":true,"href":"https:\/\/www.egemtv.com\/index.php?rest_route=\/wp\/v2\/media\/74960"}],"wp:attachment":[{"href":"https:\/\/www.egemtv.com\/index.php?rest_route=%2Fwp%2Fv2%2Fmedia&parent=74959"}],"wp:term":[{"taxonomy":"category","embeddable":true,"href":"https:\/\/www.egemtv.com\/index.php?rest_route=%2Fwp%2Fv2%2Fcategories&post=74959"},{"taxonomy":"post_tag","embeddable":true,"href":"https:\/\/www.egemtv.com\/index.php?rest_route=%2Fwp%2Fv2%2Ftags&post=74959"}],"curies":[{"name":"wp","href":"https:\/\/api.w.org\/{rel}","templated":true}]}}