{"id":74956,"date":"2025-12-18T12:14:49","date_gmt":"2025-12-18T09:14:49","guid":{"rendered":"https:\/\/www.egemtv.com\/?p=74956"},"modified":"2025-12-18T12:14:50","modified_gmt":"2025-12-18T09:14:50","slug":"cocuklarda-burun-tikanikligi-okul-basarisini-dusuruyor","status":"publish","type":"post","link":"https:\/\/www.egemtv.com\/?p=74956","title":{"rendered":"\u00c7ocuklarda burun t\u0131kan\u0131kl\u0131\u011f\u0131 okul ba\u015far\u0131s\u0131n\u0131 d\u00fc\u015f\u00fcr\u00fcyor"},"content":{"rendered":"<p>Manisa \u015eehir Hastanesinde g\u00f6revli Kulak Burun Bo\u011faz Hastal\u0131klar\u0131 Hekimi Op. Dr. Cevat \u00c7elenk, \u00e7ocuklarda burun t\u0131kan\u0131kl\u0131\u011f\u0131n\u0131n okul ba\u015far\u0131s\u0131 \u00fczerindeki etkileri konusunda a\u00e7\u0131klamalarda bulundu. Burun t\u0131kan\u0131kl\u0131\u011f\u0131n\u0131n \u00e7o\u011fu zaman basit bir sa\u011fl\u0131k sorunu olarak g\u00f6r\u00fcld\u00fc\u011f\u00fcn\u00fc belirten \u00c7elenk, bu durumun \u00f6\u011frenme s\u00fcreci ve akademik ba\u015far\u0131 \u00fczerinde san\u0131landan \u00e7ok daha ciddi sonu\u00e7lar do\u011furabildi\u011fini ifade etti.<br \/>\n<br \/>Burun t\u0131kan\u0131kl\u0131\u011f\u0131n\u0131n kulak burun bo\u011faz polikliniklerine en s\u0131k ba\u015fvuru nedenlerinden biri oldu\u011funu s\u00f6yleyen \u00c7elenk, her ya\u015f grubunda g\u00f6r\u00fclebilmesine ra\u011fmen \u00e7ocukluk \u00e7a\u011f\u0131nda daha yayg\u0131n oldu\u011funa dikkat \u00e7ekti. Burun t\u0131kan\u0131kl\u0131\u011f\u0131n\u0131n yaln\u0131zca nefes alma zorlu\u011fu ile s\u0131n\u0131rl\u0131 kalmad\u0131\u011f\u0131n\u0131 belirten \u00c7elenk, a\u011f\u0131z a\u00e7\u0131k uyuma, horlama ve uyku apnesi gibi sorunlar\u0131n da tabloya e\u015flik edebildi\u011fini vurgulad\u0131.<br \/>\n<br \/>Bu durumlar\u0131n \u00e7ocuklar\u0131n uyku kalitesini bozdu\u011funu ve bunun da g\u00fcnd\u00fcz ya\u015fam\u0131 ile okul hayat\u0131n\u0131 do\u011frudan etkiledi\u011fini ifade eden \u00c7elenk, &#8220;Uyku kalitesi bozulan \u00e7ocuklarda dikkat eksikli\u011fi ve alg\u0131lama problemleri daha s\u0131k g\u00f6r\u00fclmektedir. Bu da derslere odaklanmay\u0131 zorla\u015ft\u0131rarak okul ba\u015far\u0131s\u0131n\u0131 olumsuz y\u00f6nde etkilemektedir&#8221; dedi.<br \/>\n<br \/>Burun t\u0131kan\u0131kl\u0131\u011f\u0131 olan \u00e7ocuklar\u0131n daha s\u0131k hastaland\u0131\u011f\u0131n\u0131 ve bu nedenle okula devams\u0131zl\u0131k oranlar\u0131n\u0131n artt\u0131\u011f\u0131n\u0131 kaydeden \u00c7elenk, &#8220;Devams\u0131zl\u0131k, \u00f6\u011frenme s\u00fcrecinin aksamas\u0131na ve akademik ba\u015far\u0131n\u0131n d\u00fc\u015fmesine neden olabilmektedir&#8221; diye konu\u015ftu.<br \/>\n<br \/>S\u0131nav performans\u0131n\u0131n da bu durumdan etkilendi\u011fini belirten \u00c7elenk, \u00e7ocuk yeterince \u00e7al\u0131\u015fm\u0131\u015f olsa bile s\u0131nav s\u0131ras\u0131nda ya\u015fanan konsantrasyon sorunlar\u0131 nedeniyle beklenen performans\u0131n sergilenemeyebilece\u011fini s\u00f6yledi. Ayr\u0131ca huzursuzluk, sinirlilik ve i\u00e7e kapanma gibi davran\u0131\u015f problemlerinin de burun t\u0131kan\u0131kl\u0131\u011f\u0131 ya\u015fayan \u00e7ocuklarda daha s\u0131k g\u00f6r\u00fclebildi\u011fini dile getirdi.<br \/>\n<br \/>S\u0131n\u0131f ortam\u0131nda s\u00fcrekli burnunu \u00e7eken ya da burundan sesli nefes alan \u00e7ocuklar\u0131n akranlar\u0131 taraf\u0131ndan d\u0131\u015flanma veya zorbal\u0131\u011fa maruz kalabildi\u011fini de ifade eden \u00c7elenk, bunun \u00e7ocu\u011fun psikososyal geli\u015fimini ve okul ba\u015far\u0131s\u0131n\u0131 olumsuz etkileyebilece\u011fini s\u00f6zlerine ekledi.<br \/>\n<br \/>Ailelere \u00e7a\u011fr\u0131da bulunan \u00c7elenk, \u00e7ocuklarda burun t\u0131kan\u0131kl\u0131\u011f\u0131n\u0131n sadece fiziksel bir sorun olarak de\u011ferlendirilmemesi gerekti\u011fini belirterek, &#8220;Bu durum okul ba\u015far\u0131s\u0131n\u0131 do\u011frudan ya da dolayl\u0131 olarak etkileyebilmektedir. Burun t\u0131kan\u0131kl\u0131\u011f\u0131 olan \u00e7ocuklar\u0131n mutlaka bir kulak burun bo\u011faz hastal\u0131klar\u0131 uzman\u0131 taraf\u0131ndan de\u011ferlendirilmesi faydal\u0131 olacakt\u0131r&#8221; dedi.<br \/><\/p>\n","protected":false},"excerpt":{"rendered":"<p>Manisa \u015eehir Hastanesinde g\u00f6revli Kulak Burun Bo\u011faz Hastal\u0131klar\u0131 Hekimi Op. Dr. Cevat \u00c7elenk, \u00e7ocuklarda burun t\u0131kan\u0131kl\u0131\u011f\u0131n\u0131n okul ba\u015far\u0131s\u0131 \u00fczerindeki etkileri konusunda a\u00e7\u0131klamalarda bulundu. Burun t\u0131kan\u0131kl\u0131\u011f\u0131n\u0131n \u00e7o\u011fu zaman basit bir sa\u011fl\u0131k sorunu olarak g\u00f6r\u00fcld\u00fc\u011f\u00fcn\u00fc belirten \u00c7elenk, bu durumun \u00f6\u011frenme s\u00fcreci ve akademik ba\u015far\u0131 \u00fczerinde san\u0131landan \u00e7ok daha ciddi sonu\u00e7lar do\u011furabildi\u011fini ifade etti. Burun t\u0131kan\u0131kl\u0131\u011f\u0131n\u0131n kulak burun&#8230;<\/p>\n","protected":false},"author":1,"featured_media":74957,"comment_status":"open","ping_status":"open","sticky":false,"template":"","format":"standard","meta":{"_crdt_document":"","footnotes":""},"categories":[2],"tags":[],"class_list":["post-74956","post","type-post","status-publish","format-standard","has-post-thumbnail","hentry","category-saglik"],"_links":{"self":[{"href":"https:\/\/www.egemtv.com\/index.php?rest_route=\/wp\/v2\/posts\/74956","targetHints":{"allow":["GET"]}}],"collection":[{"href":"https:\/\/www.egemtv.com\/index.php?rest_route=\/wp\/v2\/posts"}],"about":[{"href":"https:\/\/www.egemtv.com\/index.php?rest_route=\/wp\/v2\/types\/post"}],"author":[{"embeddable":true,"href":"https:\/\/www.egemtv.com\/index.php?rest_route=\/wp\/v2\/users\/1"}],"replies":[{"embeddable":true,"href":"https:\/\/www.egemtv.com\/index.php?rest_route=%2Fwp%2Fv2%2Fcomments&post=74956"}],"version-history":[{"count":1,"href":"https:\/\/www.egemtv.com\/index.php?rest_route=\/wp\/v2\/posts\/74956\/revisions"}],"predecessor-version":[{"id":74958,"href":"https:\/\/www.egemtv.com\/index.php?rest_route=\/wp\/v2\/posts\/74956\/revisions\/74958"}],"wp:featuredmedia":[{"embeddable":true,"href":"https:\/\/www.egemtv.com\/index.php?rest_route=\/wp\/v2\/media\/74957"}],"wp:attachment":[{"href":"https:\/\/www.egemtv.com\/index.php?rest_route=%2Fwp%2Fv2%2Fmedia&parent=74956"}],"wp:term":[{"taxonomy":"category","embeddable":true,"href":"https:\/\/www.egemtv.com\/index.php?rest_route=%2Fwp%2Fv2%2Fcategories&post=74956"},{"taxonomy":"post_tag","embeddable":true,"href":"https:\/\/www.egemtv.com\/index.php?rest_route=%2Fwp%2Fv2%2Ftags&post=74956"}],"curies":[{"name":"wp","href":"https:\/\/api.w.org\/{rel}","templated":true}]}}