{"id":74953,"date":"2025-12-18T11:54:59","date_gmt":"2025-12-18T08:54:59","guid":{"rendered":"https:\/\/www.egemtv.com\/?p=74953"},"modified":"2025-12-18T11:55:00","modified_gmt":"2025-12-18T08:55:00","slug":"ispartada-ic-giyim-magazasinda-cikan-yangin-itfaiye-ekiplerince-sonduruldu","status":"publish","type":"post","link":"https:\/\/www.egemtv.com\/?p=74953","title":{"rendered":"Isparta\u2019da i\u00e7 giyim ma\u011fazas\u0131nda \u00e7\u0131kan yang\u0131n itfaiye ekiplerince s\u00f6nd\u00fcr\u00fcld\u00fc"},"content":{"rendered":"<p>Isparta\u2019n\u0131n \u015earkikaraa\u011fa\u00e7 il\u00e7esinde bir i\u00e7 giyim ve \u00e7eyiz d\u00fckk\u00e2n\u0131nda gece saatlerinde \u00e7\u0131kan yang\u0131n itfaiyenin m\u00fcdahalesiyle s\u00f6nd\u00fcr\u00fcl\u00fcrken olayda can kayb\u0131 ya da yaralanma ya\u015fanmad\u0131.<br \/>\n<br \/>Yang\u0131n, gece saatlerinde \u015earkikaraa\u011fa\u00e7 il\u00e7esi Camikebir Mahallesi\u2019nde meydana geldi. Edinilen bilgilere g\u00f6re, A.U.\u2019ya ait i\u00e7 giyim ve \u00e7eyiz d\u00fckk\u00e2n\u0131nda hen\u00fcz bilinmeyen bir nedenle yang\u0131n \u00e7\u0131kt\u0131. \u0130\u015fletmeden y\u00fckselen dumanlar\u0131 fark eden vatanda\u015flar\u0131n ihbar\u0131 \u00fczerine b\u00f6lgeye polis ve itfaiye ekipleri sevk edildi. Olay yerine k\u0131sa s\u00fcrede ula\u015fan itfaiye ekiplerinin m\u00fcdahalesiyle yang\u0131n kontrol alt\u0131na al\u0131narak s\u00f6nd\u00fcr\u00fcld\u00fc. Yang\u0131nda \u015fans eseri yaralanan ya da hayat\u0131n\u0131 kaybeden olmazken, i\u015f yerinde maddi hasar meydana geldi. Yang\u0131n\u0131n \u00e7\u0131k\u0131\u015f nedeninin belirlenmesi i\u00e7in inceleme ba\u015flat\u0131ld\u0131.<br \/><\/p>\n","protected":false},"excerpt":{"rendered":"<p>Isparta\u2019n\u0131n \u015earkikaraa\u011fa\u00e7 il\u00e7esinde bir i\u00e7 giyim ve \u00e7eyiz d\u00fckk\u00e2n\u0131nda gece saatlerinde \u00e7\u0131kan yang\u0131n itfaiyenin m\u00fcdahalesiyle s\u00f6nd\u00fcr\u00fcl\u00fcrken olayda can kayb\u0131 ya da yaralanma ya\u015fanmad\u0131. Yang\u0131n, gece saatlerinde \u015earkikaraa\u011fa\u00e7 il\u00e7esi Camikebir Mahallesi\u2019nde meydana geldi. Edinilen bilgilere g\u00f6re, A.U.\u2019ya ait i\u00e7 giyim ve \u00e7eyiz d\u00fckk\u00e2n\u0131nda hen\u00fcz bilinmeyen bir nedenle yang\u0131n \u00e7\u0131kt\u0131. \u0130\u015fletmeden y\u00fckselen dumanlar\u0131 fark eden vatanda\u015flar\u0131n ihbar\u0131&#8230;<\/p>\n","protected":false},"author":1,"featured_media":74954,"comment_status":"open","ping_status":"open","sticky":false,"template":"","format":"standard","meta":{"_crdt_document":"","footnotes":""},"categories":[5],"tags":[],"class_list":["post-74953","post","type-post","status-publish","format-standard","has-post-thumbnail","hentry","category-asayis"],"_links":{"self":[{"href":"https:\/\/www.egemtv.com\/index.php?rest_route=\/wp\/v2\/posts\/74953","targetHints":{"allow":["GET"]}}],"collection":[{"href":"https:\/\/www.egemtv.com\/index.php?rest_route=\/wp\/v2\/posts"}],"about":[{"href":"https:\/\/www.egemtv.com\/index.php?rest_route=\/wp\/v2\/types\/post"}],"author":[{"embeddable":true,"href":"https:\/\/www.egemtv.com\/index.php?rest_route=\/wp\/v2\/users\/1"}],"replies":[{"embeddable":true,"href":"https:\/\/www.egemtv.com\/index.php?rest_route=%2Fwp%2Fv2%2Fcomments&post=74953"}],"version-history":[{"count":1,"href":"https:\/\/www.egemtv.com\/index.php?rest_route=\/wp\/v2\/posts\/74953\/revisions"}],"predecessor-version":[{"id":74955,"href":"https:\/\/www.egemtv.com\/index.php?rest_route=\/wp\/v2\/posts\/74953\/revisions\/74955"}],"wp:featuredmedia":[{"embeddable":true,"href":"https:\/\/www.egemtv.com\/index.php?rest_route=\/wp\/v2\/media\/74954"}],"wp:attachment":[{"href":"https:\/\/www.egemtv.com\/index.php?rest_route=%2Fwp%2Fv2%2Fmedia&parent=74953"}],"wp:term":[{"taxonomy":"category","embeddable":true,"href":"https:\/\/www.egemtv.com\/index.php?rest_route=%2Fwp%2Fv2%2Fcategories&post=74953"},{"taxonomy":"post_tag","embeddable":true,"href":"https:\/\/www.egemtv.com\/index.php?rest_route=%2Fwp%2Fv2%2Ftags&post=74953"}],"curies":[{"name":"wp","href":"https:\/\/api.w.org\/{rel}","templated":true}]}}