{"id":74950,"date":"2025-12-18T11:54:59","date_gmt":"2025-12-18T08:54:59","guid":{"rendered":"https:\/\/www.egemtv.com\/?p=74950"},"modified":"2025-12-18T11:54:59","modified_gmt":"2025-12-18T08:54:59","slug":"germencikte-ogrenciler-matematigin-doga-ile-uyumunu-inceleyecek","status":"publish","type":"post","link":"https:\/\/www.egemtv.com\/?p=74950","title":{"rendered":"Germencik\u2019te \u00f6\u011frenciler matemati\u011fin do\u011fa ile uyumunu inceleyecek"},"content":{"rendered":"<p>Ayd\u0131n Germencik \u015eehit Cafer Ortaokulu ve H\u0131rvatistan\u2019dan bir okulun kuruculu\u011funda y\u00fcr\u00fct\u00fclen proje ile \u00f6\u011frenciler, matemati\u011fin do\u011fa ile uyumunu inceleyip, g\u00f6zlem yapma imkan\u0131 bulacak.<\/p>\n<p>Germencik \u015eehit Cafer Ortaokulu ve Osnovna Skola Dobrisa Cesaric Pozega H\u0131rvatistan Okulu\u2019nun kuruculu\u011funda y\u00fcr\u00fct\u00fclen \u2018The Hidden Mathematics Of Nature\u2019\u2019 isimli E-Twinning projesi, \u015eehit Cafer Ortaokulu Okul M\u00fcd\u00fcr\u00fc Cemal Aksu ve proje \u00f6\u011fretmenleri Dilek Durmu\u015f, Nalan \u00d6zcan, Meryem Ko\u00e7ak ve \u00f6\u011frenciler taraf\u0131ndan \u0130l\u00e7e Milli E\u011fitim M\u00fcd\u00fcr\u00fc Kemal \u00c7ift\u00e7i\u2019ye tan\u0131t\u0131ld\u0131.<\/p>\n<p>T\u00fcrkiye\u2019den 10 okul (Kastamonu-Burdur-\u0130stanbul-Manisa-Ayd\u0131n), 2 yurtd\u0131\u015f\u0131ndan okul (1 okul H\u0131rvatistan 2 \u00f6\u011fretmen-1 okul Romanya ) ile y\u00fcr\u00fct\u00fclen projenin amac\u0131n\u0131n, \u00f6\u011frencilerin do\u011fal ortamda ortaya \u00e7\u0131kan matemati\u011fin g\u00fczelli\u011fini, mant\u0131\u011f\u0131n\u0131 ve uyumunu ke\u015ffetmelerini sa\u011flamak oldu\u011fu ifade edildi.<\/p>\n<p>Proje kapsam\u0131nda \u00f6\u011frencilerin, uygulamal\u0131 ke\u015fif, dijital i\u015f birli\u011fi gibi etkinlikler arac\u0131l\u0131\u011f\u0131yla, matemati\u011fin a\u011fa\u00e7larda, kabuklarda, \u00e7i\u00e7eklerde ve hatta y\u0131ld\u0131zlar\u0131n desenlerinde nas\u0131l ya\u015fad\u0131\u011f\u0131n\u0131 anlay\u0131p, geometrik \u015fekilleri, simetriyi, Fibonacci dizisini ve alt\u0131n oran\u0131 belirlemek i\u00e7in \u00e7e\u015fitli do\u011fal olaylar\u0131 inceleyecekleri aktar\u0131ld\u0131. Etkinlikler sonunda ortak \u00e7al\u0131\u015fmalarla, \u015fark\u0131-dijital kitap-dijital sergi-yar\u0131\u015fmalar yap\u0131larak k\u00fclt\u00fcrel etkile\u015fim artt\u0131r\u0131laca\u011f\u0131 projenin Aral\u0131k ay\u0131nda ba\u015flay\u0131p, Mart ay\u0131nda bitece\u011fi a\u00e7\u0131kland\u0131.<\/p>\n<p>Germencik \u0130l\u00e7e Milli E\u011fitim M\u00fcd\u00fcr\u00fc Kemal \u00c7ift\u00e7i, projenin amac\u0131na ula\u015fmas\u0131 i\u00e7in verilen eme\u011fin \u00f6nemine dikkat \u00e7ekerek, Okul M\u00fcd\u00fcr\u00fc Aksu, \u00f6\u011fretmen ve \u00f6\u011frencilere ba\u015far\u0131lar diledi.<br \/><\/p>\n","protected":false},"excerpt":{"rendered":"<p>Ayd\u0131n Germencik \u015eehit Cafer Ortaokulu ve H\u0131rvatistan\u2019dan bir okulun kuruculu\u011funda y\u00fcr\u00fct\u00fclen proje ile \u00f6\u011frenciler, matemati\u011fin do\u011fa ile uyumunu inceleyip, g\u00f6zlem yapma imkan\u0131 bulacak. Germencik \u015eehit Cafer Ortaokulu ve Osnovna Skola Dobrisa Cesaric Pozega H\u0131rvatistan Okulu\u2019nun kuruculu\u011funda y\u00fcr\u00fct\u00fclen \u2018The Hidden Mathematics Of Nature\u2019\u2019 isimli E-Twinning projesi, \u015eehit Cafer Ortaokulu Okul M\u00fcd\u00fcr\u00fc Cemal Aksu ve proje \u00f6\u011fretmenleri&#8230;<\/p>\n","protected":false},"author":1,"featured_media":74951,"comment_status":"open","ping_status":"open","sticky":false,"template":"","format":"standard","meta":{"_crdt_document":"","footnotes":""},"categories":[1],"tags":[],"class_list":["post-74950","post","type-post","status-publish","format-standard","has-post-thumbnail","hentry","category-guncel"],"_links":{"self":[{"href":"https:\/\/www.egemtv.com\/index.php?rest_route=\/wp\/v2\/posts\/74950","targetHints":{"allow":["GET"]}}],"collection":[{"href":"https:\/\/www.egemtv.com\/index.php?rest_route=\/wp\/v2\/posts"}],"about":[{"href":"https:\/\/www.egemtv.com\/index.php?rest_route=\/wp\/v2\/types\/post"}],"author":[{"embeddable":true,"href":"https:\/\/www.egemtv.com\/index.php?rest_route=\/wp\/v2\/users\/1"}],"replies":[{"embeddable":true,"href":"https:\/\/www.egemtv.com\/index.php?rest_route=%2Fwp%2Fv2%2Fcomments&post=74950"}],"version-history":[{"count":1,"href":"https:\/\/www.egemtv.com\/index.php?rest_route=\/wp\/v2\/posts\/74950\/revisions"}],"predecessor-version":[{"id":74952,"href":"https:\/\/www.egemtv.com\/index.php?rest_route=\/wp\/v2\/posts\/74950\/revisions\/74952"}],"wp:featuredmedia":[{"embeddable":true,"href":"https:\/\/www.egemtv.com\/index.php?rest_route=\/wp\/v2\/media\/74951"}],"wp:attachment":[{"href":"https:\/\/www.egemtv.com\/index.php?rest_route=%2Fwp%2Fv2%2Fmedia&parent=74950"}],"wp:term":[{"taxonomy":"category","embeddable":true,"href":"https:\/\/www.egemtv.com\/index.php?rest_route=%2Fwp%2Fv2%2Fcategories&post=74950"},{"taxonomy":"post_tag","embeddable":true,"href":"https:\/\/www.egemtv.com\/index.php?rest_route=%2Fwp%2Fv2%2Ftags&post=74950"}],"curies":[{"name":"wp","href":"https:\/\/api.w.org\/{rel}","templated":true}]}}