{"id":74947,"date":"2025-12-18T11:35:04","date_gmt":"2025-12-18T08:35:04","guid":{"rendered":"https:\/\/www.egemtv.com\/?p=74947"},"modified":"2025-12-18T11:35:05","modified_gmt":"2025-12-18T08:35:05","slug":"suphe-uzerine-durdurulan-otomobilde-kalasnikov-ele-gecirildi","status":"publish","type":"post","link":"https:\/\/www.egemtv.com\/?p=74947","title":{"rendered":"\u015e\u00fcphe \u00fczerine durdurulan otomobilde Kala\u015fnikov ele ge\u00e7irildi"},"content":{"rendered":"<p>Afyonkarahisar\u2019da jandarma taraf\u0131ndan \u015f\u00fcphe \u00fczerine durdurulan bir ara\u00e7ta yap\u0131lan aramada Kala\u015fnikov t\u00fcfek ele ge\u00e7irildi.<br \/>\n<br \/>Edinilen bilgilere g\u00f6re, Afyonkarahisar \u0130l Jandarma Komutanl\u0131\u011f\u0131na ba\u011fl\u0131 ekipler taraf\u0131ndan Dinar il\u00e7esinde \u015f\u00fcphe \u00fczerinden durdurulan bir ara\u00e7ta arama yap\u0131ld\u0131. Aramada bir adet Kale\u015fnikov olarak bilinen AK-47 isimli piyade t\u00fcfe\u011fi, 2 adet t\u00fcfe\u011fe ait \u015farj\u00f6r ve 42 Adet 7,62 mm \u00e7ap\u0131nda mermi ele ge\u00e7irildi.<br \/>\n<br \/>Olay\u0131n ard\u0131ndan ara\u00e7ta bulunan 2 ki\u015finin g\u00f6zalt\u0131na al\u0131nd\u0131\u011f\u0131 bildirildi.<br \/><\/p>\n","protected":false},"excerpt":{"rendered":"<p>Afyonkarahisar\u2019da jandarma taraf\u0131ndan \u015f\u00fcphe \u00fczerine durdurulan bir ara\u00e7ta yap\u0131lan aramada Kala\u015fnikov t\u00fcfek ele ge\u00e7irildi. Edinilen bilgilere g\u00f6re, Afyonkarahisar \u0130l Jandarma Komutanl\u0131\u011f\u0131na ba\u011fl\u0131 ekipler taraf\u0131ndan Dinar il\u00e7esinde \u015f\u00fcphe \u00fczerinden durdurulan bir ara\u00e7ta arama yap\u0131ld\u0131. Aramada bir adet Kale\u015fnikov olarak bilinen AK-47 isimli piyade t\u00fcfe\u011fi, 2 adet t\u00fcfe\u011fe ait \u015farj\u00f6r ve 42 Adet 7,62 mm \u00e7ap\u0131nda mermi&#8230;<\/p>\n","protected":false},"author":1,"featured_media":74948,"comment_status":"open","ping_status":"open","sticky":false,"template":"","format":"standard","meta":{"_crdt_document":"","footnotes":""},"categories":[5],"tags":[],"class_list":["post-74947","post","type-post","status-publish","format-standard","has-post-thumbnail","hentry","category-asayis"],"_links":{"self":[{"href":"https:\/\/www.egemtv.com\/index.php?rest_route=\/wp\/v2\/posts\/74947","targetHints":{"allow":["GET"]}}],"collection":[{"href":"https:\/\/www.egemtv.com\/index.php?rest_route=\/wp\/v2\/posts"}],"about":[{"href":"https:\/\/www.egemtv.com\/index.php?rest_route=\/wp\/v2\/types\/post"}],"author":[{"embeddable":true,"href":"https:\/\/www.egemtv.com\/index.php?rest_route=\/wp\/v2\/users\/1"}],"replies":[{"embeddable":true,"href":"https:\/\/www.egemtv.com\/index.php?rest_route=%2Fwp%2Fv2%2Fcomments&post=74947"}],"version-history":[{"count":1,"href":"https:\/\/www.egemtv.com\/index.php?rest_route=\/wp\/v2\/posts\/74947\/revisions"}],"predecessor-version":[{"id":74949,"href":"https:\/\/www.egemtv.com\/index.php?rest_route=\/wp\/v2\/posts\/74947\/revisions\/74949"}],"wp:featuredmedia":[{"embeddable":true,"href":"https:\/\/www.egemtv.com\/index.php?rest_route=\/wp\/v2\/media\/74948"}],"wp:attachment":[{"href":"https:\/\/www.egemtv.com\/index.php?rest_route=%2Fwp%2Fv2%2Fmedia&parent=74947"}],"wp:term":[{"taxonomy":"category","embeddable":true,"href":"https:\/\/www.egemtv.com\/index.php?rest_route=%2Fwp%2Fv2%2Fcategories&post=74947"},{"taxonomy":"post_tag","embeddable":true,"href":"https:\/\/www.egemtv.com\/index.php?rest_route=%2Fwp%2Fv2%2Ftags&post=74947"}],"curies":[{"name":"wp","href":"https:\/\/api.w.org\/{rel}","templated":true}]}}