{"id":74944,"date":"2025-12-18T11:35:03","date_gmt":"2025-12-18T08:35:03","guid":{"rendered":"https:\/\/www.egemtv.com\/?p=74944"},"modified":"2025-12-18T11:35:04","modified_gmt":"2025-12-18T08:35:04","slug":"bilgili-ogrencilerle-kariyer-soylesisinde-bir-araya-geldi","status":"publish","type":"post","link":"https:\/\/www.egemtv.com\/?p=74944","title":{"rendered":"Bilgili \u00f6\u011frencilerle kariyer s\u00f6yle\u015fisinde bir araya geldi"},"content":{"rendered":"<p>K\u00fctahya Dumlup\u0131nar \u00dcniversitesi Tav\u015fanl\u0131 Meslek Y\u00fcksekokulu (TMYO), il\u00e7enin yeti\u015ftirdi\u011fi \u00f6nemli isimlerden Sa\u011fl\u0131k Bakanl\u0131\u011f\u0131 Uzman Doktoru Esma Bilgili\u2019yi a\u011f\u0131rlad\u0131. Okulda d\u00fczenlenen sosyo-k\u00fclt\u00fcrel etkinlikler serisi kapsam\u0131nda \u00f6\u011frencilerle bir araya gelen Dr. Bilgili, kariyer ve ki\u015fisel geli\u015fim \u00fczerine ilham verici bir s\u00f6yle\u015fi ger\u00e7ekle\u015ftirdi.<br \/>\n<br \/>Etkinli\u011fe, \u00f6zellikle B\u00fcro Y\u00f6netimi ve Y\u00f6netici Asistanl\u0131\u011f\u0131 B\u00f6l\u00fcm\u00fc \u00f6\u011frencileri yo\u011fun ilgi g\u00f6sterdi. Dr. Bilgili, kendi e\u011fitim ve kariyer yolculu\u011fundan \u00f6nemli kesitler sunarak \u00f6\u011frencilere yol g\u00f6sterdi. Sunumunda, ba\u015far\u0131ya ula\u015fmada azim, s\u00fcreklilik ve ki\u015fisel geli\u015fimin kritik \u00f6nemine vurgu yapan Bilgili, gen\u00e7lere gelecek hedeflerine ula\u015fmalar\u0131 i\u00e7in k\u0131ymetli tavsiyelerde bulundu.<br \/>\n<br \/>S\u00f6yle\u015fiye, Meslek Y\u00fcksek Okulu M\u00fcd\u00fcr Yard\u0131mc\u0131s\u0131 \u00d6\u011fr. G\u00f6r. Nedret Korkmaz, \u00d6\u011fr. G\u00f6r. Nur Ho\u015fg\u00f6r ve \u00d6\u011fr. G\u00f6r. H\u00fclya Gen\u00e7er \u00c7a\u011flar ile birlikte \u00e7ok say\u0131da \u00f6\u011frenci kat\u0131ld\u0131. Etkinlik, \u00f6\u011frencilerin Dr. Bilgili\u2019ye y\u00f6neltti\u011fi soru-cevap b\u00f6l\u00fcm\u00fcyle sona erdi.<br \/>\n<br \/>TMYO \u00f6\u011frencileri, uzman bir ismin tecr\u00fcbelerinden faydalanmaktan duyduklar\u0131 memnuniyeti dile getirdi.<br \/><\/p>\n","protected":false},"excerpt":{"rendered":"<p>K\u00fctahya Dumlup\u0131nar \u00dcniversitesi Tav\u015fanl\u0131 Meslek Y\u00fcksekokulu (TMYO), il\u00e7enin yeti\u015ftirdi\u011fi \u00f6nemli isimlerden Sa\u011fl\u0131k Bakanl\u0131\u011f\u0131 Uzman Doktoru Esma Bilgili\u2019yi a\u011f\u0131rlad\u0131. Okulda d\u00fczenlenen sosyo-k\u00fclt\u00fcrel etkinlikler serisi kapsam\u0131nda \u00f6\u011frencilerle bir araya gelen Dr. Bilgili, kariyer ve ki\u015fisel geli\u015fim \u00fczerine ilham verici bir s\u00f6yle\u015fi ger\u00e7ekle\u015ftirdi. Etkinli\u011fe, \u00f6zellikle B\u00fcro Y\u00f6netimi ve Y\u00f6netici Asistanl\u0131\u011f\u0131 B\u00f6l\u00fcm\u00fc \u00f6\u011frencileri yo\u011fun ilgi g\u00f6sterdi. Dr. Bilgili, kendi&#8230;<\/p>\n","protected":false},"author":1,"featured_media":74945,"comment_status":"open","ping_status":"open","sticky":false,"template":"","format":"standard","meta":{"_crdt_document":"","footnotes":""},"categories":[1],"tags":[],"class_list":["post-74944","post","type-post","status-publish","format-standard","has-post-thumbnail","hentry","category-guncel"],"_links":{"self":[{"href":"https:\/\/www.egemtv.com\/index.php?rest_route=\/wp\/v2\/posts\/74944","targetHints":{"allow":["GET"]}}],"collection":[{"href":"https:\/\/www.egemtv.com\/index.php?rest_route=\/wp\/v2\/posts"}],"about":[{"href":"https:\/\/www.egemtv.com\/index.php?rest_route=\/wp\/v2\/types\/post"}],"author":[{"embeddable":true,"href":"https:\/\/www.egemtv.com\/index.php?rest_route=\/wp\/v2\/users\/1"}],"replies":[{"embeddable":true,"href":"https:\/\/www.egemtv.com\/index.php?rest_route=%2Fwp%2Fv2%2Fcomments&post=74944"}],"version-history":[{"count":1,"href":"https:\/\/www.egemtv.com\/index.php?rest_route=\/wp\/v2\/posts\/74944\/revisions"}],"predecessor-version":[{"id":74946,"href":"https:\/\/www.egemtv.com\/index.php?rest_route=\/wp\/v2\/posts\/74944\/revisions\/74946"}],"wp:featuredmedia":[{"embeddable":true,"href":"https:\/\/www.egemtv.com\/index.php?rest_route=\/wp\/v2\/media\/74945"}],"wp:attachment":[{"href":"https:\/\/www.egemtv.com\/index.php?rest_route=%2Fwp%2Fv2%2Fmedia&parent=74944"}],"wp:term":[{"taxonomy":"category","embeddable":true,"href":"https:\/\/www.egemtv.com\/index.php?rest_route=%2Fwp%2Fv2%2Fcategories&post=74944"},{"taxonomy":"post_tag","embeddable":true,"href":"https:\/\/www.egemtv.com\/index.php?rest_route=%2Fwp%2Fv2%2Ftags&post=74944"}],"curies":[{"name":"wp","href":"https:\/\/api.w.org\/{rel}","templated":true}]}}