{"id":74941,"date":"2025-12-18T11:35:02","date_gmt":"2025-12-18T08:35:02","guid":{"rendered":"https:\/\/www.egemtv.com\/?p=74941"},"modified":"2025-12-18T11:35:03","modified_gmt":"2025-12-18T08:35:03","slug":"aydinda-sgk-personeline-kadina-yonelik-siddetle-mucadele-semineri","status":"publish","type":"post","link":"https:\/\/www.egemtv.com\/?p=74941","title":{"rendered":"Ayd\u0131n\u2019da SGK personeline kad\u0131na y\u00f6nelik \u015fiddetle m\u00fccadele semineri"},"content":{"rendered":"<p>Ayd\u0131n SGK \u0130l M\u00fcd\u00fcrl\u00fc\u011f\u00fc personeline y\u00f6nelik, kad\u0131na y\u00f6nelik \u015fiddetin \u00f6nlenmesine dair fark\u0131ndal\u0131k semineri d\u00fczenlendi.<\/p>\n<p>SGK \u0130l M\u00fcd\u00fcrl\u00fc\u011f\u00fc Konferans Salonu\u2019nda personellere y\u00f6nelik Ayd\u0131n Aile ve Sosyal Hizmetler \u0130l M\u00fcd\u00fcrl\u00fc\u011f\u00fc taraf\u0131ndan seminer d\u00fczenlendi. Seminere alan\u0131nda uzman konu\u015fmac\u0131lar Hicran Y\u0131ld\u0131r\u0131m ile Sel\u00e7uk Sa\u011flam kat\u0131larak, kad\u0131na y\u00f6nelik \u015fiddetin t\u00fcrleri, nedenleri ve \u015fiddetle m\u00fccadelede izlenecek yollar hakk\u0131nda personeli bilgilendirdi. Seminerde, \u015fiddetin yaln\u0131zca fiziksel boyutla s\u0131n\u0131rl\u0131 olmad\u0131\u011f\u0131na dikkat \u00e7ekilirken, ma\u011fdurlar\u0131n hangi kurumlara ve nas\u0131l ba\u015fvurabilece\u011fi konusunda da \u00f6nemli bilgiler payla\u015f\u0131ld\u0131. Kat\u0131l\u0131mc\u0131lar, g\u00fcnl\u00fck hayatta kar\u015f\u0131la\u015f\u0131labilecek durumlar \u00fczerinden \u00f6rneklerle bilgilendirildi. Yetkililer, bu t\u00fcr bilgilendirme \u00e7al\u0131\u015fmalar\u0131n\u0131n fark\u0131ndal\u0131\u011f\u0131 art\u0131rd\u0131\u011f\u0131n\u0131 belirterek, kad\u0131na y\u00f6nelik \u015fiddetle m\u00fccadelede toplumun her kesimine \u00f6nemli g\u00f6revler d\u00fc\u015ft\u00fc\u011f\u00fcn\u00fc ifade etti. Program, kat\u0131l\u0131mc\u0131lar\u0131n sorular\u0131n\u0131n yan\u0131tlanmas\u0131n\u0131n ard\u0131ndan sona erdi.<br \/><\/p>\n","protected":false},"excerpt":{"rendered":"<p>Ayd\u0131n SGK \u0130l M\u00fcd\u00fcrl\u00fc\u011f\u00fc personeline y\u00f6nelik, kad\u0131na y\u00f6nelik \u015fiddetin \u00f6nlenmesine dair fark\u0131ndal\u0131k semineri d\u00fczenlendi. SGK \u0130l M\u00fcd\u00fcrl\u00fc\u011f\u00fc Konferans Salonu\u2019nda personellere y\u00f6nelik Ayd\u0131n Aile ve Sosyal Hizmetler \u0130l M\u00fcd\u00fcrl\u00fc\u011f\u00fc taraf\u0131ndan seminer d\u00fczenlendi. Seminere alan\u0131nda uzman konu\u015fmac\u0131lar Hicran Y\u0131ld\u0131r\u0131m ile Sel\u00e7uk Sa\u011flam kat\u0131larak, kad\u0131na y\u00f6nelik \u015fiddetin t\u00fcrleri, nedenleri ve \u015fiddetle m\u00fccadelede izlenecek yollar hakk\u0131nda personeli bilgilendirdi. Seminerde,&#8230;<\/p>\n","protected":false},"author":1,"featured_media":74942,"comment_status":"open","ping_status":"open","sticky":false,"template":"","format":"standard","meta":{"_crdt_document":"","footnotes":""},"categories":[1],"tags":[],"class_list":["post-74941","post","type-post","status-publish","format-standard","has-post-thumbnail","hentry","category-guncel"],"_links":{"self":[{"href":"https:\/\/www.egemtv.com\/index.php?rest_route=\/wp\/v2\/posts\/74941","targetHints":{"allow":["GET"]}}],"collection":[{"href":"https:\/\/www.egemtv.com\/index.php?rest_route=\/wp\/v2\/posts"}],"about":[{"href":"https:\/\/www.egemtv.com\/index.php?rest_route=\/wp\/v2\/types\/post"}],"author":[{"embeddable":true,"href":"https:\/\/www.egemtv.com\/index.php?rest_route=\/wp\/v2\/users\/1"}],"replies":[{"embeddable":true,"href":"https:\/\/www.egemtv.com\/index.php?rest_route=%2Fwp%2Fv2%2Fcomments&post=74941"}],"version-history":[{"count":1,"href":"https:\/\/www.egemtv.com\/index.php?rest_route=\/wp\/v2\/posts\/74941\/revisions"}],"predecessor-version":[{"id":74943,"href":"https:\/\/www.egemtv.com\/index.php?rest_route=\/wp\/v2\/posts\/74941\/revisions\/74943"}],"wp:featuredmedia":[{"embeddable":true,"href":"https:\/\/www.egemtv.com\/index.php?rest_route=\/wp\/v2\/media\/74942"}],"wp:attachment":[{"href":"https:\/\/www.egemtv.com\/index.php?rest_route=%2Fwp%2Fv2%2Fmedia&parent=74941"}],"wp:term":[{"taxonomy":"category","embeddable":true,"href":"https:\/\/www.egemtv.com\/index.php?rest_route=%2Fwp%2Fv2%2Fcategories&post=74941"},{"taxonomy":"post_tag","embeddable":true,"href":"https:\/\/www.egemtv.com\/index.php?rest_route=%2Fwp%2Fv2%2Ftags&post=74941"}],"curies":[{"name":"wp","href":"https:\/\/api.w.org\/{rel}","templated":true}]}}