{"id":74938,"date":"2025-12-18T11:14:59","date_gmt":"2025-12-18T08:14:59","guid":{"rendered":"https:\/\/www.egemtv.com\/?p=74938"},"modified":"2025-12-18T11:14:59","modified_gmt":"2025-12-18T08:14:59","slug":"her-emekli-calisanin-ayligi-kesilmiyor","status":"publish","type":"post","link":"https:\/\/www.egemtv.com\/?p=74938","title":{"rendered":"Her emekli \u00e7al\u0131\u015fan\u0131n ayl\u0131\u011f\u0131 kesilmiyor"},"content":{"rendered":"<p>Sosyal G\u00fcvenlik Uzman\u0131 Yavuz Kurt, emekli olup sigortal\u0131 bir i\u015fte \u00e7al\u0131\u015fmaya ba\u015flayan herkesin ayl\u0131\u011f\u0131n\u0131n kesilmeyece\u011fini belirtti. Bu konuda toplumu yan\u0131ltan beyan ve haberlerin emeklileri tedirgin etti\u011fini, kay\u0131t d\u0131\u015f\u0131 \u00e7al\u0131\u015fmaya y\u00f6neltti\u011fini belirten Kurt, burada emeklinin ilk sigortal\u0131 oldu\u011fu tarihin, sigorta stat\u00fcs\u00fcn\u00fcn ve emeklilik sonras\u0131 kamu kurumlar\u0131nda \u00e7al\u0131\u015f\u0131l\u0131p \u00e7al\u0131\u015f\u0131lmad\u0131\u011f\u0131n\u0131n belirleyici oldu\u011funa vurgu yapt\u0131.<\/p>\n<p>Hangi emekliler ayl\u0131\u011f\u0131 kesilmeden \u00e7al\u0131\u015fabiliyor<br \/>\n<br \/>Yavuz Kurt, 01 Ekim 2008 tarihinden \u00f6nce ilk defa SSK, Ba\u011f-Kur, Emekli Sand\u0131\u011f\u0131, banka, oda veya borsa sand\u0131klar\u0131 kapsam\u0131nda sigortal\u0131 olarak \u00e7al\u0131\u015fmaya ba\u015flayanlar\u0131n, yine bu tarihten \u00f6nce malull\u00fck, ya\u015fl\u0131l\u0131k veya emekli ayl\u0131\u011f\u0131 ba\u011flananlar\u0131n ayl\u0131klar\u0131 kesilmeden 4\/1-a (SSK) kapsam\u0131nda \u00e7al\u0131\u015fabileceklerini, bu ki\u015filerin sosyal g\u00fcvenlik destek primi \u00f6demek suretiyle \u00e7al\u0131\u015f\u0131rken, emekli ayl\u0131klar\u0131n\u0131 da hi\u00e7bir kesinti olmaks\u0131z\u0131n almaya devam edebileceklerini s\u00f6yledi.<\/p>\n<p>BA\u011e-KUR emeklisine kesinti yok<br \/>\n<br \/>Herhangi bir sosyal g\u00fcvenlik kurumundan emekli olduktan sonra Ba\u011f-Kur kapsam\u0131nda \u00e7al\u0131\u015fanlar\u0131n emekli ayl\u0131klar\u0131ndan ayl\u0131\u011f\u0131n y\u00fczde 15\u2019i oran\u0131nda sosyal g\u00fcvenlik destek primi (SGDP) kesilmekteydi. 1999 y\u0131l\u0131ndan itibaren uygulanan bu kesinti 2016 y\u0131l\u0131 Ocak ay\u0131nda kabul edilen 6663 say\u0131l\u0131 kanunla sona erdirildi ve 2016 \u015eubat ay\u0131ndan itibaren emekli olduktan sonra Ba\u011f-Kur (4\/1-b sigortal\u0131l\u0131\u011f\u0131) kapsam\u0131nda \u00e7al\u0131\u015fanlardan kesilen y\u00fczde 15 oran\u0131ndaki sosyal g\u00fcvenlik destek primi uygulamas\u0131 ortadan kald\u0131r\u0131ld\u0131.<\/p>\n<p>Emekli olup devlet kurumlar\u0131nda \u00e7al\u0131\u015fanlar dikkat<br \/>\n<br \/>Yavuz Kurt \u00f6zellikle herhangi bir stat\u00fcden emekli olduktan sonra kamu kurumlar\u0131nda, belediyelerde ve il \u00f6zel idarelerinde \u00e7al\u0131\u015fanlar\u0131 emekli ayl\u0131klar\u0131n\u0131n kesilece\u011fi ve ancak t\u00fcm sigorta kollar\u0131na tabi olarak \u00e7al\u0131\u015fabilecekleri y\u00f6n\u00fcnde uyard\u0131.<br \/>\n<br \/>Yavuz Kurt, \u015fu a\u00e7\u0131klamay\u0131 yapt\u0131: &#8220;Herhangi bir sosyal g\u00fcvenlik kurumundan emeklilik veya ya\u015fl\u0131l\u0131k ayl\u0131\u011f\u0131 alanlar, bakanl\u0131klar, fonlar, belediyeler, il \u00f6zel idareleri, bunlar taraf\u0131ndan kurulan birlik ve i\u015fletmeler, sosyal g\u00fcvenlik kurumlar\u0131, K\u0130T\u2019ler, bunlar\u0131n ba\u011fl\u0131 ortakl\u0131klar\u0131 ile m\u00fcessese ve i\u015fletmelerinde ve sermayesinin y\u00fczde 50\u2019sinden fazlas\u0131 kamuya ait olan di\u011fer ortakl\u0131klarda herhangi bir kadro, pozisyon veya g\u00f6revde \u00e7al\u0131\u015f\u0131rlarsa emekli ayl\u0131klar\u0131 kesilir. Bu \u00e7al\u0131\u015fmalar\u0131 sonland\u0131\u011f\u0131nda ise emekli ayl\u0131klar\u0131 izleyen ay ba\u015f\u0131ndan itibaren yeniden ba\u011flan\u0131r. Bu noktada baz\u0131 istisnalarda bulunuyor. 5335 say\u0131l\u0131 Kanunun 30\u2019uncu maddesi 3\u2019\u00fcnc\u00fc f\u0131kras\u0131nda say\u0131lan bu istisnalara g\u00f6re Cumhurba\u015fkan\u0131, Cumhurba\u015fkan\u0131 yard\u0131mc\u0131s\u0131, bakanlar, milletvekilleri, belediye ba\u015fkanlar\u0131, belediye meclis \u00fcyeleri ayl\u0131klar\u0131 kesilmeksizin bu g\u00f6revleri ifa edebiliyorlar.<\/p>\n<p>\u00c7al\u0131\u015ft\u0131\u011f\u0131nda ayl\u0131\u011f\u0131 kesilecek olan emekliler kimler<br \/>\n<br \/>Halen y\u00fcr\u00fcrl\u00fckte olan 5510 say\u0131l\u0131 Kanunun y\u00fcr\u00fcrl\u00fc\u011fe girdi\u011fi 01 Ekim 2008 g\u00fcn\u00fc ve bu tarihten sonra ilk defa sigortal\u0131 olan ki\u015filer ya\u015fl\u0131l\u0131k (emeklilik) ayl\u0131\u011f\u0131 ba\u011fland\u0131ktan sonra Ba\u011f-Kur stat\u00fcs\u00fcndeki \u00e7al\u0131\u015fmalar\u0131 hari\u00e7 olmak \u00fczere 4\/1-a (SSK) stat\u00fcs\u00fcnde veya yabanc\u0131 bir \u00fclke mevzuat\u0131 kapsam\u0131nda \u00e7al\u0131\u015fmaya ba\u015flad\u0131klar\u0131nda ya\u015fl\u0131l\u0131k ayl\u0131klar\u0131, \u00e7al\u0131\u015fmaya ba\u015flad\u0131klar\u0131 tarihi takip eden \u00f6deme d\u00f6nemi ba\u015f\u0131nda kesilecektir. Bu ki\u015filer t\u00fcm sigorta kollar\u0131na tabi olarak \u00e7al\u0131\u015fabilecek ve \u00e7al\u0131\u015ft\u0131klar\u0131 s\u00fcre zarf\u0131nda kendilerinden t\u00fcm sigorta kollar\u0131 primleri al\u0131nacakt\u0131r. Ya\u015fl\u0131l\u0131k ayl\u0131\u011f\u0131 kesilenler, i\u015ften ayr\u0131larak yeniden ya\u015fl\u0131l\u0131k ayl\u0131\u011f\u0131 ba\u011flanmas\u0131 i\u00e7in yaz\u0131l\u0131 istekte bulunduklar\u0131nda veya emekliye sevk edildiklerinde, yaz\u0131l\u0131 istek tarihini veya g\u00f6revlerinden ayr\u0131ld\u0131klar\u0131 tarihi takip eden \u00f6deme d\u00f6neminden itibaren yeniden ya\u015fl\u0131l\u0131k ayl\u0131\u011f\u0131 hesaplanarak ba\u011flanacakt\u0131r.<\/p>\n<p>Maluliyet ayl\u0131\u011f\u0131 alanlar \u00e7al\u0131\u015fabilirler mi<br \/>\n<br \/>Mal\u00fbll\u00fck ayl\u0131\u011f\u0131 almakta iken T\u00fcrkiye\u2019de veya yabanc\u0131 bir \u00fclkede sosyal g\u00fcvenlik kapsam\u0131nda \u00e7al\u0131\u015fmaya ba\u015flayanlar\u0131n ayl\u0131klar\u0131, sigorta ba\u015flang\u0131\u00e7 tarihleri ne olursa olsun \u00e7al\u0131\u015fmaya ba\u015flad\u0131klar\u0131 tarihi takip eden \u00f6deme d\u00f6nemi ba\u015f\u0131nda kesilir ve bu ki\u015filerden de t\u00fcm sigorta kollar\u0131 primleri al\u0131n\u0131r. Bunlardan i\u015ften ayr\u0131larak yeniden mal\u00fbll\u00fck ayl\u0131\u011f\u0131 ba\u011flanmas\u0131 i\u00e7in yaz\u0131l\u0131 istekte bulunan ya da emekliye ayr\u0131lan veya sevk edilenlere; kontrol muayenesine tabi tutulmak ve ilk ayl\u0131\u011f\u0131na esas mal\u00fbll\u00fc\u011f\u00fcn\u00fcn devam etti\u011fi sa\u011fl\u0131k raporu ve SGK Sa\u011fl\u0131k Kurulu onay\u0131 ile anla\u015f\u0131lmak kayd\u0131yla yeniden ayl\u0131k ba\u011flan\u0131r.&#8221;<br \/><\/p>\n","protected":false},"excerpt":{"rendered":"<p>Sosyal G\u00fcvenlik Uzman\u0131 Yavuz Kurt, emekli olup sigortal\u0131 bir i\u015fte \u00e7al\u0131\u015fmaya ba\u015flayan herkesin ayl\u0131\u011f\u0131n\u0131n kesilmeyece\u011fini belirtti. Bu konuda toplumu yan\u0131ltan beyan ve haberlerin emeklileri tedirgin etti\u011fini, kay\u0131t d\u0131\u015f\u0131 \u00e7al\u0131\u015fmaya y\u00f6neltti\u011fini belirten Kurt, burada emeklinin ilk sigortal\u0131 oldu\u011fu tarihin, sigorta stat\u00fcs\u00fcn\u00fcn ve emeklilik sonras\u0131 kamu kurumlar\u0131nda \u00e7al\u0131\u015f\u0131l\u0131p \u00e7al\u0131\u015f\u0131lmad\u0131\u011f\u0131n\u0131n belirleyici oldu\u011funa vurgu yapt\u0131. Hangi emekliler ayl\u0131\u011f\u0131 kesilmeden&#8230;<\/p>\n","protected":false},"author":1,"featured_media":74939,"comment_status":"open","ping_status":"open","sticky":false,"template":"","format":"standard","meta":{"_crdt_document":"","footnotes":""},"categories":[1],"tags":[],"class_list":["post-74938","post","type-post","status-publish","format-standard","has-post-thumbnail","hentry","category-guncel"],"_links":{"self":[{"href":"https:\/\/www.egemtv.com\/index.php?rest_route=\/wp\/v2\/posts\/74938","targetHints":{"allow":["GET"]}}],"collection":[{"href":"https:\/\/www.egemtv.com\/index.php?rest_route=\/wp\/v2\/posts"}],"about":[{"href":"https:\/\/www.egemtv.com\/index.php?rest_route=\/wp\/v2\/types\/post"}],"author":[{"embeddable":true,"href":"https:\/\/www.egemtv.com\/index.php?rest_route=\/wp\/v2\/users\/1"}],"replies":[{"embeddable":true,"href":"https:\/\/www.egemtv.com\/index.php?rest_route=%2Fwp%2Fv2%2Fcomments&post=74938"}],"version-history":[{"count":1,"href":"https:\/\/www.egemtv.com\/index.php?rest_route=\/wp\/v2\/posts\/74938\/revisions"}],"predecessor-version":[{"id":74940,"href":"https:\/\/www.egemtv.com\/index.php?rest_route=\/wp\/v2\/posts\/74938\/revisions\/74940"}],"wp:featuredmedia":[{"embeddable":true,"href":"https:\/\/www.egemtv.com\/index.php?rest_route=\/wp\/v2\/media\/74939"}],"wp:attachment":[{"href":"https:\/\/www.egemtv.com\/index.php?rest_route=%2Fwp%2Fv2%2Fmedia&parent=74938"}],"wp:term":[{"taxonomy":"category","embeddable":true,"href":"https:\/\/www.egemtv.com\/index.php?rest_route=%2Fwp%2Fv2%2Fcategories&post=74938"},{"taxonomy":"post_tag","embeddable":true,"href":"https:\/\/www.egemtv.com\/index.php?rest_route=%2Fwp%2Fv2%2Ftags&post=74938"}],"curies":[{"name":"wp","href":"https:\/\/api.w.org\/{rel}","templated":true}]}}