{"id":74935,"date":"2025-12-18T11:14:58","date_gmt":"2025-12-18T08:14:58","guid":{"rendered":"https:\/\/www.egemtv.com\/?p=74935"},"modified":"2025-12-18T11:14:59","modified_gmt":"2025-12-18T08:14:59","slug":"emette-lise-ogrencilerine-hz-peygamber-ve-sahsiyet-insasi-baslikli-konferans","status":"publish","type":"post","link":"https:\/\/www.egemtv.com\/?p=74935","title":{"rendered":"Emet\u2019te lise \u00f6\u011frencilerine &#8220;Hz. Peygamber ve \u015eahsiyet \u0130n\u015fas\u0131&#8221; ba\u015fl\u0131kl\u0131 konferans"},"content":{"rendered":"<p>K\u00fctahya\u2019n\u0131n Emet il\u00e7esinde, \u0130l M\u00fcft\u00fcs\u00fc \u0130rfan A\u00e7\u0131k\u2019\u0131n konu\u015fmac\u0131 olarak kat\u0131ld\u0131\u011f\u0131 lise \u00f6\u011frencilerine y\u00f6nelik &#8220;Hz. Peygamber ve \u015eahsiyet \u0130n\u015fas\u0131&#8221; ba\u015fl\u0131kl\u0131 konferans ger\u00e7ekle\u015ftirildi.<br \/>\n<br \/>Gazi Kemal \u0130lk\u00f6\u011fretim Okulu Konferans Salonu\u2019nda d\u00fczenlenen konferansta, gen\u00e7lerin ki\u015filik ve ahlak geli\u015fiminde H.Z. Muhammed\u2019in (S.A.V.) \u00f6rnek hayat\u0131n\u0131n \u00f6nemi ele al\u0131nd\u0131. \u0130l M\u00fcft\u00fcs\u00fc \u0130rfan A\u00e7\u0131k, konu\u015fmas\u0131nda H.Z. Peygamber\u2019in do\u011fruluk, merhamet, sorumluluk bilinci ve g\u00fczel ahlak anlay\u0131\u015f\u0131n\u0131n gen\u00e7ler i\u00e7in g\u00fc\u00e7l\u00fc bir rehber oldu\u011funu vurgulad\u0131.<br \/>\n<br \/>G\u00fcn\u00fcm\u00fcz d\u00fcnyas\u0131nda kar\u015f\u0131la\u015f\u0131lan zorluklar kar\u015f\u0131s\u0131nda sa\u011flam bir \u015fahsiyet in\u015fa etmenin, Kur\u2019an ve s\u00fcnnet eksenli bir hayat anlay\u0131\u015f\u0131yla m\u00fcmk\u00fcn olaca\u011f\u0131na dikkat \u00e7eken A\u00e7\u0131k, gen\u00e7lere \u00f6nemli tavsiyelerde bulundu.<br \/>\n<br \/>\u00d6\u011frenciler taraf\u0131ndan ilgiyle takip edilen program, soru-cevap b\u00f6l\u00fcm\u00fcn\u00fcn ard\u0131ndan sona erdi.<br \/><\/p>\n","protected":false},"excerpt":{"rendered":"<p>K\u00fctahya\u2019n\u0131n Emet il\u00e7esinde, \u0130l M\u00fcft\u00fcs\u00fc \u0130rfan A\u00e7\u0131k\u2019\u0131n konu\u015fmac\u0131 olarak kat\u0131ld\u0131\u011f\u0131 lise \u00f6\u011frencilerine y\u00f6nelik &#8220;Hz. Peygamber ve \u015eahsiyet \u0130n\u015fas\u0131&#8221; ba\u015fl\u0131kl\u0131 konferans ger\u00e7ekle\u015ftirildi. Gazi Kemal \u0130lk\u00f6\u011fretim Okulu Konferans Salonu\u2019nda d\u00fczenlenen konferansta, gen\u00e7lerin ki\u015filik ve ahlak geli\u015fiminde H.Z. Muhammed\u2019in (S.A.V.) \u00f6rnek hayat\u0131n\u0131n \u00f6nemi ele al\u0131nd\u0131. \u0130l M\u00fcft\u00fcs\u00fc \u0130rfan A\u00e7\u0131k, konu\u015fmas\u0131nda H.Z. Peygamber\u2019in do\u011fruluk, merhamet, sorumluluk bilinci ve g\u00fczel&#8230;<\/p>\n","protected":false},"author":1,"featured_media":74936,"comment_status":"open","ping_status":"open","sticky":false,"template":"","format":"standard","meta":{"_crdt_document":"","footnotes":""},"categories":[1],"tags":[],"class_list":["post-74935","post","type-post","status-publish","format-standard","has-post-thumbnail","hentry","category-guncel"],"_links":{"self":[{"href":"https:\/\/www.egemtv.com\/index.php?rest_route=\/wp\/v2\/posts\/74935","targetHints":{"allow":["GET"]}}],"collection":[{"href":"https:\/\/www.egemtv.com\/index.php?rest_route=\/wp\/v2\/posts"}],"about":[{"href":"https:\/\/www.egemtv.com\/index.php?rest_route=\/wp\/v2\/types\/post"}],"author":[{"embeddable":true,"href":"https:\/\/www.egemtv.com\/index.php?rest_route=\/wp\/v2\/users\/1"}],"replies":[{"embeddable":true,"href":"https:\/\/www.egemtv.com\/index.php?rest_route=%2Fwp%2Fv2%2Fcomments&post=74935"}],"version-history":[{"count":1,"href":"https:\/\/www.egemtv.com\/index.php?rest_route=\/wp\/v2\/posts\/74935\/revisions"}],"predecessor-version":[{"id":74937,"href":"https:\/\/www.egemtv.com\/index.php?rest_route=\/wp\/v2\/posts\/74935\/revisions\/74937"}],"wp:featuredmedia":[{"embeddable":true,"href":"https:\/\/www.egemtv.com\/index.php?rest_route=\/wp\/v2\/media\/74936"}],"wp:attachment":[{"href":"https:\/\/www.egemtv.com\/index.php?rest_route=%2Fwp%2Fv2%2Fmedia&parent=74935"}],"wp:term":[{"taxonomy":"category","embeddable":true,"href":"https:\/\/www.egemtv.com\/index.php?rest_route=%2Fwp%2Fv2%2Fcategories&post=74935"},{"taxonomy":"post_tag","embeddable":true,"href":"https:\/\/www.egemtv.com\/index.php?rest_route=%2Fwp%2Fv2%2Ftags&post=74935"}],"curies":[{"name":"wp","href":"https:\/\/api.w.org\/{rel}","templated":true}]}}