{"id":74929,"date":"2025-12-18T11:14:56","date_gmt":"2025-12-18T08:14:56","guid":{"rendered":"https:\/\/www.egemtv.com\/?p=74929"},"modified":"2025-12-18T11:14:57","modified_gmt":"2025-12-18T08:14:57","slug":"kutahyada-parlayan-yildizlar-sahne-aldi","status":"publish","type":"post","link":"https:\/\/www.egemtv.com\/?p=74929","title":{"rendered":"K\u00fctahya\u2019da parlayan y\u0131ld\u0131zlar sahne ald\u0131"},"content":{"rendered":"<p>K\u00fctahya \u0130l Emniyet M\u00fcd\u00fcrl\u00fc\u011f\u00fc Toplum Destekli Polislik \u015eube M\u00fcd\u00fcrl\u00fc\u011f\u00fc taraf\u0131ndan y\u00fcr\u00fct\u00fclen &#8220;Dumlup\u0131nar\u2019da Parlayan Y\u0131ld\u0131zlar \u00c7OGEP-2025 Projesi&#8221; kapsam\u0131nda d\u00fczenlenen Drama ve M\u00fczik\/Enstr\u00fcman kurslar\u0131, anlaml\u0131 bir g\u00f6steri program\u0131yla ta\u00e7land\u0131.<br \/>\n<br \/>Kursiyerlerin e\u011fitim s\u00fcrecinde kazand\u0131klar\u0131 becerileri sergileyebilmeleri amac\u0131yla haz\u0131rlanan program, \u0130l Emniyet M\u00fcd\u00fcr\u00fc Say\u0131n Osman Elbir\u2019in kat\u0131l\u0131m\u0131yla Gen\u00e7lik Merkezi\u2019nde ger\u00e7ekle\u015ftirildi. Etkinlikte \u00f6\u011frenciler, drama \u00e7al\u0131\u015fmalar\u0131 ile m\u00fczik performanslar\u0131n\u0131 sahneleyerek izleyicilerden b\u00fcy\u00fck be\u011feni toplad\u0131.<br \/>\n<br \/>Gen\u00e7lerin sanatsal ve k\u00fclt\u00fcrel geli\u015fimlerine katk\u0131 sunan program\u0131n sonunda, kursiyerlere bendir enstr\u00fcmanlar\u0131 hediye edildi. Kat\u0131l\u0131mlar\u0131 ve emekleri dolay\u0131s\u0131yla \u00f6\u011frencilere te\u015fekk\u00fcr edilirken, bu t\u00fcr projelerin gen\u00e7lerin sosyal geli\u015fimine \u00f6nemli katk\u0131lar sundu\u011fu vurguland\u0131.<br \/><\/p>\n","protected":false},"excerpt":{"rendered":"<p>K\u00fctahya \u0130l Emniyet M\u00fcd\u00fcrl\u00fc\u011f\u00fc Toplum Destekli Polislik \u015eube M\u00fcd\u00fcrl\u00fc\u011f\u00fc taraf\u0131ndan y\u00fcr\u00fct\u00fclen &#8220;Dumlup\u0131nar\u2019da Parlayan Y\u0131ld\u0131zlar \u00c7OGEP-2025 Projesi&#8221; kapsam\u0131nda d\u00fczenlenen Drama ve M\u00fczik\/Enstr\u00fcman kurslar\u0131, anlaml\u0131 bir g\u00f6steri program\u0131yla ta\u00e7land\u0131. Kursiyerlerin e\u011fitim s\u00fcrecinde kazand\u0131klar\u0131 becerileri sergileyebilmeleri amac\u0131yla haz\u0131rlanan program, \u0130l Emniyet M\u00fcd\u00fcr\u00fc Say\u0131n Osman Elbir\u2019in kat\u0131l\u0131m\u0131yla Gen\u00e7lik Merkezi\u2019nde ger\u00e7ekle\u015ftirildi. Etkinlikte \u00f6\u011frenciler, drama \u00e7al\u0131\u015fmalar\u0131 ile m\u00fczik performanslar\u0131n\u0131 sahneleyerek izleyicilerden&#8230;<\/p>\n","protected":false},"author":1,"featured_media":74930,"comment_status":"open","ping_status":"open","sticky":false,"template":"","format":"standard","meta":{"_crdt_document":"","footnotes":""},"categories":[123],"tags":[],"class_list":["post-74929","post","type-post","status-publish","format-standard","has-post-thumbnail","hentry","category-gundem"],"_links":{"self":[{"href":"https:\/\/www.egemtv.com\/index.php?rest_route=\/wp\/v2\/posts\/74929","targetHints":{"allow":["GET"]}}],"collection":[{"href":"https:\/\/www.egemtv.com\/index.php?rest_route=\/wp\/v2\/posts"}],"about":[{"href":"https:\/\/www.egemtv.com\/index.php?rest_route=\/wp\/v2\/types\/post"}],"author":[{"embeddable":true,"href":"https:\/\/www.egemtv.com\/index.php?rest_route=\/wp\/v2\/users\/1"}],"replies":[{"embeddable":true,"href":"https:\/\/www.egemtv.com\/index.php?rest_route=%2Fwp%2Fv2%2Fcomments&post=74929"}],"version-history":[{"count":1,"href":"https:\/\/www.egemtv.com\/index.php?rest_route=\/wp\/v2\/posts\/74929\/revisions"}],"predecessor-version":[{"id":74931,"href":"https:\/\/www.egemtv.com\/index.php?rest_route=\/wp\/v2\/posts\/74929\/revisions\/74931"}],"wp:featuredmedia":[{"embeddable":true,"href":"https:\/\/www.egemtv.com\/index.php?rest_route=\/wp\/v2\/media\/74930"}],"wp:attachment":[{"href":"https:\/\/www.egemtv.com\/index.php?rest_route=%2Fwp%2Fv2%2Fmedia&parent=74929"}],"wp:term":[{"taxonomy":"category","embeddable":true,"href":"https:\/\/www.egemtv.com\/index.php?rest_route=%2Fwp%2Fv2%2Fcategories&post=74929"},{"taxonomy":"post_tag","embeddable":true,"href":"https:\/\/www.egemtv.com\/index.php?rest_route=%2Fwp%2Fv2%2Ftags&post=74929"}],"curies":[{"name":"wp","href":"https:\/\/api.w.org\/{rel}","templated":true}]}}