{"id":74926,"date":"2025-12-18T10:54:54","date_gmt":"2025-12-18T07:54:54","guid":{"rendered":"https:\/\/www.egemtv.com\/?p=74926"},"modified":"2025-12-18T10:54:55","modified_gmt":"2025-12-18T07:54:55","slug":"kusadasinda-eczacilik-gundemi-masaya-yatirildi","status":"publish","type":"post","link":"https:\/\/www.egemtv.com\/?p=74926","title":{"rendered":"Ku\u015fadas\u0131\u2019nda eczac\u0131l\u0131k g\u00fcndemi masaya yat\u0131r\u0131ld\u0131"},"content":{"rendered":"<p>Ayd\u0131n Eczac\u0131 Odas\u0131 Ba\u015fkan\u0131 Sefa Karaaslan, b\u00f6lge ziyaretleri kapsam\u0131nda Ku\u015fadas\u0131\u2019nda eczac\u0131larla bir araya gelerek mesleki g\u00fcndeme ili\u015fkin bilgilendirmelerde bulundu.<\/p>\n<p>Ayd\u0131n Eczac\u0131 Odas\u0131 Ba\u015fkan\u0131 Sefa Karaaslan, b\u00f6lge ziyaretleri kapsam\u0131nda Ku\u015fadas\u0131 il\u00e7esini ziyaret etti. Ziyaret program\u0131 \u00e7er\u00e7evesinde il\u00e7ede g\u00f6rev yapan eczac\u0131lar, eczanelerinde tek tek ziyaret edilerek mesle\u011fe ili\u015fkin \u00f6nemli konu ba\u015fl\u0131klar\u0131n\u0131 i\u00e7eren bilgilendirme dosyalar\u0131 teslim edildi. Son d\u00f6nemde mesle\u011fe ba\u015flayan eczac\u0131lara Atat\u00fcrk Portresi hediye edilirken, ziyaretlerin ard\u0131ndan Ku\u015fadas\u0131 B\u00f6lge Toplant\u0131s\u0131 ger\u00e7ekle\u015ftirildi. Toplant\u0131da mesleki geli\u015fmeler, sahada ya\u015fanan sorunlar ve \u00e7\u00f6z\u00fcm \u00f6nerileri ele al\u0131nd\u0131. Ba\u015fkan Sefa Karaaslan, g\u00f6sterilen ilgi ve misafirperverlikten dolay\u0131 Ku\u015fadas\u0131\u2019nda g\u00f6rev yapan meslekta\u015flar\u0131na te\u015fekk\u00fcr ederek, b\u00f6lge ziyaretlerinin dayan\u0131\u015fmay\u0131 g\u00fc\u00e7lendirdi\u011fini ifade etti. Ba\u015fkan Karaaslan a\u00e7\u0131klamas\u0131nda &#8220;B\u00f6lge ziyaretlerimize Ku\u015fadas\u0131 \u0130l\u00e7emizle devam ettik. Meslekta\u015flar\u0131m\u0131z\u0131 eczanelerinde ziyaret ederek \u00f6nemli konu ba\u015fl\u0131klar\u0131nda bilgi notlar\u0131n\u0131 i\u00e7iren dosyalar\u0131m\u0131z\u0131 ilettik; son d\u00f6nemde a\u00e7\u0131lan meslekta\u015flar\u0131m\u0131za Atat\u00fcrk Portremizi hediye ettik. Devam\u0131nda B\u00f6lge Toplant\u0131m\u0131z\u0131 ger\u00e7ekle\u015ftirdik. De\u011ferli kat\u0131l\u0131mlar\u0131 ve g\u00fczel misafirperverlikleri i\u00e7in \u00e7ok te\u015fekk\u00fcr ederiz&#8221; ifadelerini kulland\u0131.<br \/><\/p>\n","protected":false},"excerpt":{"rendered":"<p>Ayd\u0131n Eczac\u0131 Odas\u0131 Ba\u015fkan\u0131 Sefa Karaaslan, b\u00f6lge ziyaretleri kapsam\u0131nda Ku\u015fadas\u0131\u2019nda eczac\u0131larla bir araya gelerek mesleki g\u00fcndeme ili\u015fkin bilgilendirmelerde bulundu. Ayd\u0131n Eczac\u0131 Odas\u0131 Ba\u015fkan\u0131 Sefa Karaaslan, b\u00f6lge ziyaretleri kapsam\u0131nda Ku\u015fadas\u0131 il\u00e7esini ziyaret etti. Ziyaret program\u0131 \u00e7er\u00e7evesinde il\u00e7ede g\u00f6rev yapan eczac\u0131lar, eczanelerinde tek tek ziyaret edilerek mesle\u011fe ili\u015fkin \u00f6nemli konu ba\u015fl\u0131klar\u0131n\u0131 i\u00e7eren bilgilendirme dosyalar\u0131 teslim edildi. Son&#8230;<\/p>\n","protected":false},"author":1,"featured_media":74927,"comment_status":"open","ping_status":"open","sticky":false,"template":"","format":"standard","meta":{"_crdt_document":"","footnotes":""},"categories":[1],"tags":[],"class_list":["post-74926","post","type-post","status-publish","format-standard","has-post-thumbnail","hentry","category-guncel"],"_links":{"self":[{"href":"https:\/\/www.egemtv.com\/index.php?rest_route=\/wp\/v2\/posts\/74926","targetHints":{"allow":["GET"]}}],"collection":[{"href":"https:\/\/www.egemtv.com\/index.php?rest_route=\/wp\/v2\/posts"}],"about":[{"href":"https:\/\/www.egemtv.com\/index.php?rest_route=\/wp\/v2\/types\/post"}],"author":[{"embeddable":true,"href":"https:\/\/www.egemtv.com\/index.php?rest_route=\/wp\/v2\/users\/1"}],"replies":[{"embeddable":true,"href":"https:\/\/www.egemtv.com\/index.php?rest_route=%2Fwp%2Fv2%2Fcomments&post=74926"}],"version-history":[{"count":1,"href":"https:\/\/www.egemtv.com\/index.php?rest_route=\/wp\/v2\/posts\/74926\/revisions"}],"predecessor-version":[{"id":74928,"href":"https:\/\/www.egemtv.com\/index.php?rest_route=\/wp\/v2\/posts\/74926\/revisions\/74928"}],"wp:featuredmedia":[{"embeddable":true,"href":"https:\/\/www.egemtv.com\/index.php?rest_route=\/wp\/v2\/media\/74927"}],"wp:attachment":[{"href":"https:\/\/www.egemtv.com\/index.php?rest_route=%2Fwp%2Fv2%2Fmedia&parent=74926"}],"wp:term":[{"taxonomy":"category","embeddable":true,"href":"https:\/\/www.egemtv.com\/index.php?rest_route=%2Fwp%2Fv2%2Fcategories&post=74926"},{"taxonomy":"post_tag","embeddable":true,"href":"https:\/\/www.egemtv.com\/index.php?rest_route=%2Fwp%2Fv2%2Ftags&post=74926"}],"curies":[{"name":"wp","href":"https:\/\/api.w.org\/{rel}","templated":true}]}}